{"id":43990,"date":"2025-11-04T11:02:37","date_gmt":"2025-11-04T14:02:37","guid":{"rendered":"https:\/\/jornalvaleevangelico.com.br\/?p=43990"},"modified":"2025-11-04T11:02:53","modified_gmt":"2025-11-04T14:02:53","slug":"reuniao-de-alinhamento-espiritual-reune-lideres-e-coral-de-obreiros-em-noite-de-homenagens","status":"publish","type":"post","link":"https:\/\/jornalvaleevangelico.com.br\/index.php\/2025\/11\/04\/reuniao-de-alinhamento-espiritual-reune-lideres-e-coral-de-obreiros-em-noite-de-homenagens\/","title":{"rendered":"Reuni\u00e3o de Alinhamento Espiritual re\u00fane l\u00edderes e coral de obreiros em noite de homenagens"},"content":{"rendered":"\n<h2 class=\"wp-block-heading\"><em>Evento contou com a entrega do t\u00edtulo de cidad\u00e3o honor\u00e1rio ao presidente Pr. Jos\u00e9 Martins de Calais J\u00fanior e estreia do grande coral de obreiros do Minist\u00e9rio Coronel Fabriciano-Ipatinga<\/em><\/h2>\n\n\n\n<p>Na noite de segunda-feira, 3 de novembro de 2025, o templo central da Assembleia de Deus Minist\u00e9rio Coronel Fabriciano-Ipatinga recebeu obreiros, autoridades e fi\u00e9is para uma significativa <strong>Reuni\u00e3o de Alinhamento Espiritual<\/strong>, marcada por momentos de ora\u00e7\u00e3o, louvor e homenagens.<\/p>\n\n\n\n<figure class=\"wp-block-gallery has-nested-images columns-default is-cropped wp-block-gallery-1 is-layout-flex wp-block-gallery-is-layout-flex\">\n<figure class=\"wp-block-image size-large\"><img fetchpriority=\"high\" decoding=\"async\" width=\"1024\" height=\"811\" data-id=\"43996\" src=\"https:\/\/jornalvaleevangelico.com.br\/wp-content\/uploads\/2025\/11\/DSC_0019-Copy-1024x811.jpg\" alt=\"\" class=\"wp-image-43996\" srcset=\"https:\/\/jornalvaleevangelico.com.br\/wp-content\/uploads\/2025\/11\/DSC_0019-Copy-1024x811.jpg 1024w, https:\/\/jornalvaleevangelico.com.br\/wp-content\/uploads\/2025\/11\/DSC_0019-Copy-300x238.jpg 300w, https:\/\/jornalvaleevangelico.com.br\/wp-content\/uploads\/2025\/11\/DSC_0019-Copy-768x608.jpg 768w, https:\/\/jornalvaleevangelico.com.br\/wp-content\/uploads\/2025\/11\/DSC_0019-Copy.jpg 1324w\" sizes=\"(max-width: 1024px) 100vw, 1024px\" \/><\/figure>\n<\/figure>\n\n\n\n<p>A abertura foi conduzida pelo <strong>Pastor Gilmar Bicalho Maia<\/strong>, que orou juntamente com toda a igreja, buscando a dire\u00e7\u00e3o de Deus para os trabalhos. <\/p>\n\n\n\n<figure class=\"wp-block-gallery has-nested-images columns-default is-cropped wp-block-gallery-2 is-layout-flex wp-block-gallery-is-layout-flex\">\n<figure class=\"wp-block-image size-large\"><img decoding=\"async\" width=\"1024\" height=\"707\" data-id=\"43997\" src=\"https:\/\/jornalvaleevangelico.com.br\/wp-content\/uploads\/2025\/11\/DSC_0021-Copy-1024x707.jpg\" alt=\"\" class=\"wp-image-43997\" srcset=\"https:\/\/jornalvaleevangelico.com.br\/wp-content\/uploads\/2025\/11\/DSC_0021-Copy-1024x707.jpg 1024w, https:\/\/jornalvaleevangelico.com.br\/wp-content\/uploads\/2025\/11\/DSC_0021-Copy-300x207.jpg 300w, https:\/\/jornalvaleevangelico.com.br\/wp-content\/uploads\/2025\/11\/DSC_0021-Copy-768x530.jpg 768w, https:\/\/jornalvaleevangelico.com.br\/wp-content\/uploads\/2025\/11\/DSC_0021-Copy.jpg 1483w\" sizes=\"(max-width: 1024px) 100vw, 1024px\" \/><\/figure>\n<\/figure>\n\n\n\n<p>Em seguida, o <strong>Pastor Raimundo Gilson da Silva<\/strong>, 1\u00ba vice-presidente do minist\u00e9rio, realizou a <strong>leitura oficial<\/strong> em <em>Josu\u00e9 cap\u00edtulo 1<\/em>, destacando o chamado divino \u00e0 prepara\u00e7\u00e3o e \u00e0 posse das promessas do Senhor.<\/p>\n\n\n\n<figure class=\"wp-block-gallery has-nested-images columns-default is-cropped wp-block-gallery-3 is-layout-flex wp-block-gallery-is-layout-flex\">\n<figure class=\"wp-block-image size-large\"><img decoding=\"async\" width=\"1024\" height=\"683\" data-id=\"44017\" src=\"https:\/\/jornalvaleevangelico.com.br\/wp-content\/uploads\/2025\/11\/Essa-DSC_0002-Copy-1024x683.jpg\" alt=\"\" class=\"wp-image-44017\" srcset=\"https:\/\/jornalvaleevangelico.com.br\/wp-content\/uploads\/2025\/11\/Essa-DSC_0002-Copy-1024x683.jpg 1024w, https:\/\/jornalvaleevangelico.com.br\/wp-content\/uploads\/2025\/11\/Essa-DSC_0002-Copy-300x200.jpg 300w, https:\/\/jornalvaleevangelico.com.br\/wp-content\/uploads\/2025\/11\/Essa-DSC_0002-Copy-768x512.jpg 768w, https:\/\/jornalvaleevangelico.com.br\/wp-content\/uploads\/2025\/11\/Essa-DSC_0002-Copy-1536x1024.jpg 1536w, https:\/\/jornalvaleevangelico.com.br\/wp-content\/uploads\/2025\/11\/Essa-DSC_0002-Copy-2048x1365.jpg 2048w\" sizes=\"(max-width: 1024px) 100vw, 1024px\" \/><\/figure>\n<\/figure>\n\n\n\n<p>Um dos momentos marcantes da noite foi a <strong>primeira apresenta\u00e7\u00e3o do grande coral de obreiros do Minist\u00e9rio Coronel Fabriciano-Ipatinga<\/strong>, sob a reg\u00eancia dos maestros <strong>Elias Tinta<\/strong> e <strong>Nobe<\/strong>, emocionando os presentes com louvores de adora\u00e7\u00e3o. <\/p>\n\n\n\n<figure class=\"wp-block-gallery has-nested-images columns-default is-cropped wp-block-gallery-4 is-layout-flex wp-block-gallery-is-layout-flex\">\n<figure class=\"wp-block-image size-large\"><img loading=\"lazy\" decoding=\"async\" width=\"1024\" height=\"683\" data-id=\"44000\" src=\"https:\/\/jornalvaleevangelico.com.br\/wp-content\/uploads\/2025\/11\/DSC_0027-Copy-1024x683.jpg\" alt=\"\" class=\"wp-image-44000\" srcset=\"https:\/\/jornalvaleevangelico.com.br\/wp-content\/uploads\/2025\/11\/DSC_0027-Copy-1024x683.jpg 1024w, https:\/\/jornalvaleevangelico.com.br\/wp-content\/uploads\/2025\/11\/DSC_0027-Copy-300x200.jpg 300w, https:\/\/jornalvaleevangelico.com.br\/wp-content\/uploads\/2025\/11\/DSC_0027-Copy-768x512.jpg 768w, https:\/\/jornalvaleevangelico.com.br\/wp-content\/uploads\/2025\/11\/DSC_0027-Copy-1536x1024.jpg 1536w, https:\/\/jornalvaleevangelico.com.br\/wp-content\/uploads\/2025\/11\/DSC_0027-Copy-2048x1365.jpg 2048w\" sizes=\"(max-width: 1024px) 100vw, 1024px\" \/><\/figure>\n<\/figure>\n\n\n\n<p>O coral do <strong>C\u00edrculo de Ora\u00e7\u00e3o da Regi\u00e3o 3<\/strong> tamb\u00e9m participou, enriquecendo o ambiente espiritual do encontro.<\/p>\n\n\n\n<p>Entre as autoridades presentes, destacou-se o <strong>vereador Geraldo Lucas<\/strong>, de Dores de Guanh\u00e3es, que compareceu acompanhado de uma comitiva de vereadores. Em nome do Legislativo municipal, ele realizou a <strong>entrega do t\u00edtulo de cidad\u00e3o honor\u00e1rio ao presidente da igreja, Pastor Jos\u00e9 Martins de Calais J\u00fanior<\/strong>. O t\u00edtulo havia sido concedido anteriormente, mas o pastor n\u00e3o p\u00f4de comparecer \u00e0 cerim\u00f4nia oficial do dia 22 de outubro.<\/p>\n\n\n\n<figure class=\"wp-block-gallery has-nested-images columns-default is-cropped wp-block-gallery-5 is-layout-flex wp-block-gallery-is-layout-flex\">\n<figure class=\"wp-block-image size-large\"><img loading=\"lazy\" decoding=\"async\" width=\"1024\" height=\"633\" data-id=\"44018\" src=\"https:\/\/jornalvaleevangelico.com.br\/wp-content\/uploads\/2025\/11\/A-DSC_0032-Copy-1024x633.jpg\" alt=\"\" class=\"wp-image-44018\" srcset=\"https:\/\/jornalvaleevangelico.com.br\/wp-content\/uploads\/2025\/11\/A-DSC_0032-Copy-1024x633.jpg 1024w, https:\/\/jornalvaleevangelico.com.br\/wp-content\/uploads\/2025\/11\/A-DSC_0032-Copy-300x186.jpg 300w, https:\/\/jornalvaleevangelico.com.br\/wp-content\/uploads\/2025\/11\/A-DSC_0032-Copy-768x475.jpg 768w, https:\/\/jornalvaleevangelico.com.br\/wp-content\/uploads\/2025\/11\/A-DSC_0032-Copy.jpg 1494w\" sizes=\"(max-width: 1024px) 100vw, 1024px\" \/><\/figure>\n<\/figure>\n\n\n\n<p>Em suas palavras, o vereador expressou gratid\u00e3o e reconhecimento: \u201c\u00c9 um prazer estarmos aqui nesta noite fazendo esta homenagem. A palavra \u00e9 gratid\u00e3o por tudo o que o Senhor tem feito pela nossa cidade, ao lado desses obreiros, homens de Deus\u201d, declarou.<\/p>\n\n\n\n<figure class=\"wp-block-gallery has-nested-images columns-default is-cropped wp-block-gallery-6 is-layout-flex wp-block-gallery-is-layout-flex\">\n<figure class=\"wp-block-image size-large\"><img loading=\"lazy\" decoding=\"async\" width=\"1024\" height=\"640\" data-id=\"44004\" src=\"https:\/\/jornalvaleevangelico.com.br\/wp-content\/uploads\/2025\/11\/DSC_0035-Copy-1024x640.jpg\" alt=\"\" class=\"wp-image-44004\" srcset=\"https:\/\/jornalvaleevangelico.com.br\/wp-content\/uploads\/2025\/11\/DSC_0035-Copy-1024x640.jpg 1024w, https:\/\/jornalvaleevangelico.com.br\/wp-content\/uploads\/2025\/11\/DSC_0035-Copy-300x188.jpg 300w, https:\/\/jornalvaleevangelico.com.br\/wp-content\/uploads\/2025\/11\/DSC_0035-Copy-768x480.jpg 768w, https:\/\/jornalvaleevangelico.com.br\/wp-content\/uploads\/2025\/11\/DSC_0035-Copy-1536x961.jpg 1536w, https:\/\/jornalvaleevangelico.com.br\/wp-content\/uploads\/2025\/11\/DSC_0035-Copy-800x500.jpg 800w, https:\/\/jornalvaleevangelico.com.br\/wp-content\/uploads\/2025\/11\/DSC_0035-Copy-400x250.jpg 400w, https:\/\/jornalvaleevangelico.com.br\/wp-content\/uploads\/2025\/11\/DSC_0035-Copy.jpg 1810w\" sizes=\"(max-width: 1024px) 100vw, 1024px\" \/><\/figure>\n<\/figure>\n\n\n\n<p>Ap\u00f3s receber a honraria, o <strong>Pastor Jos\u00e9 Martins<\/strong> foi saudado com ora\u00e7\u00f5es e prosseguiu conduzindo a reuni\u00e3o, que contou ainda com a participa\u00e7\u00e3o do <strong>3\u00ba vice-presidente, Pastor S\u00edlvio Ramos<\/strong>.<\/p>\n\n\n\n<figure class=\"wp-block-gallery has-nested-images columns-default is-cropped wp-block-gallery-7 is-layout-flex wp-block-gallery-is-layout-flex\">\n<figure class=\"wp-block-image size-large\"><img loading=\"lazy\" decoding=\"async\" width=\"1024\" height=\"752\" data-id=\"44011\" src=\"https:\/\/jornalvaleevangelico.com.br\/wp-content\/uploads\/2025\/11\/DSC_0049-Copy-1024x752.jpg\" alt=\"\" class=\"wp-image-44011\" srcset=\"https:\/\/jornalvaleevangelico.com.br\/wp-content\/uploads\/2025\/11\/DSC_0049-Copy-1024x752.jpg 1024w, https:\/\/jornalvaleevangelico.com.br\/wp-content\/uploads\/2025\/11\/DSC_0049-Copy-300x220.jpg 300w, https:\/\/jornalvaleevangelico.com.br\/wp-content\/uploads\/2025\/11\/DSC_0049-Copy-768x564.jpg 768w, https:\/\/jornalvaleevangelico.com.br\/wp-content\/uploads\/2025\/11\/DSC_0049-Copy-1536x1128.jpg 1536w, https:\/\/jornalvaleevangelico.com.br\/wp-content\/uploads\/2025\/11\/DSC_0049-Copy.jpg 1951w\" sizes=\"(max-width: 1024px) 100vw, 1024px\" \/><\/figure>\n\n\n\n<figure class=\"wp-block-image size-large\"><img loading=\"lazy\" decoding=\"async\" width=\"1024\" height=\"756\" data-id=\"44008\" src=\"https:\/\/jornalvaleevangelico.com.br\/wp-content\/uploads\/2025\/11\/DSC_0044-Copy-1024x756.jpg\" alt=\"\" class=\"wp-image-44008\" srcset=\"https:\/\/jornalvaleevangelico.com.br\/wp-content\/uploads\/2025\/11\/DSC_0044-Copy-1024x756.jpg 1024w, https:\/\/jornalvaleevangelico.com.br\/wp-content\/uploads\/2025\/11\/DSC_0044-Copy-300x221.jpg 300w, https:\/\/jornalvaleevangelico.com.br\/wp-content\/uploads\/2025\/11\/DSC_0044-Copy-768x567.jpg 768w, https:\/\/jornalvaleevangelico.com.br\/wp-content\/uploads\/2025\/11\/DSC_0044-Copy-1536x1133.jpg 1536w, https:\/\/jornalvaleevangelico.com.br\/wp-content\/uploads\/2025\/11\/DSC_0044-Copy.jpg 1804w\" sizes=\"(max-width: 1024px) 100vw, 1024px\" \/><\/figure>\n<\/figure>\n\n\n\n<p> Ele apresentou seu livro <em>\u201cCrist\u00e3o de Festim\u201d<\/em>, sendo elogiado pelo presidente, que incentivou outros obreiros a escreverem e registrarem suas experi\u00eancias ministeriais.<\/p>\n\n\n\n<p>A <strong>mensagem final<\/strong> da noite foi ministrada pelo <strong>Pastor Jos\u00e9 Martins<\/strong>, com base em <em>Isa\u00edas 13:4<\/em>:<\/p>\n\n\n\n<figure class=\"wp-block-gallery has-nested-images columns-default is-cropped wp-block-gallery-8 is-layout-flex wp-block-gallery-is-layout-flex\">\n<figure class=\"wp-block-image size-large\"><img loading=\"lazy\" decoding=\"async\" width=\"1024\" height=\"690\" data-id=\"44005\" src=\"https:\/\/jornalvaleevangelico.com.br\/wp-content\/uploads\/2025\/11\/DSC_0037-Copy-1024x690.jpg\" alt=\"\" class=\"wp-image-44005\" srcset=\"https:\/\/jornalvaleevangelico.com.br\/wp-content\/uploads\/2025\/11\/DSC_0037-Copy-1024x690.jpg 1024w, https:\/\/jornalvaleevangelico.com.br\/wp-content\/uploads\/2025\/11\/DSC_0037-Copy-300x202.jpg 300w, https:\/\/jornalvaleevangelico.com.br\/wp-content\/uploads\/2025\/11\/DSC_0037-Copy-768x518.jpg 768w, https:\/\/jornalvaleevangelico.com.br\/wp-content\/uploads\/2025\/11\/DSC_0037-Copy-1536x1035.jpg 1536w, https:\/\/jornalvaleevangelico.com.br\/wp-content\/uploads\/2025\/11\/DSC_0037-Copy-2048x1380.jpg 2048w\" sizes=\"(max-width: 1024px) 100vw, 1024px\" \/><\/figure>\n<\/figure>\n\n\n\n<p>\u201cEis um tumulto sobre os montes, como o de grande multid\u00e3o! Eis um tumulto de reinos, de na\u00e7\u00f5es congregadas! O Senhor dos Ex\u00e9rcitos passa em revista o ex\u00e9rcito para a guerra.\u201d<\/p>\n\n\n\n<p>O pastor destacou que <strong>Deus \u00e9 quem convoca, capacita e dirige cada um de seus servos<\/strong>, lembrando que o ex\u00e9rcito do Senhor \u00e9 constantemente inspecionado e preparado para cumprir seus prop\u00f3sitos.<\/p>\n\n\n\n<p>\u201cN\u00e3o ocupamos nossas posi\u00e7\u00f5es por sermos capazes, mas porque Aquele que nos convocou nos capacitou. O Senhor continua sendo o comandante supremo deste ex\u00e9rcito\u201d, afirmou o presidente.<\/p>\n\n\n\n<p>Encerrando a noite, a igreja foi edificada com louvores e uma atmosfera de comunh\u00e3o e renova\u00e7\u00e3o espiritual, marcando mais uma <strong>Reuni\u00e3o de Alinhamento Espiritual<\/strong> de grande significado para todo o minist\u00e9rio.<\/p>\n\n\n\n<p><\/p>\n<div class=\"jorna-rodape jorna-entity-placement\" id=\"jorna-1772262828\"><div id=\"jorna-787953228\"><a href=\"https:\/\/gkscontabilidade.com\/\" aria-label=\"GKS Contabilidade\"><img src=\"https:\/\/jornalvaleevangelico.com.br\/wp-content\/uploads\/2023\/05\/GKS-Contabilidade.jpeg\" alt=\"\"  srcset=\"https:\/\/jornalvaleevangelico.com.br\/wp-content\/uploads\/2023\/05\/GKS-Contabilidade.jpeg 1600w, https:\/\/jornalvaleevangelico.com.br\/wp-content\/uploads\/2023\/05\/GKS-Contabilidade-300x65.jpeg 300w, https:\/\/jornalvaleevangelico.com.br\/wp-content\/uploads\/2023\/05\/GKS-Contabilidade-1024x223.jpeg 1024w, https:\/\/jornalvaleevangelico.com.br\/wp-content\/uploads\/2023\/05\/GKS-Contabilidade-768x168.jpeg 768w, https:\/\/jornalvaleevangelico.com.br\/wp-content\/uploads\/2023\/05\/GKS-Contabilidade-1536x335.jpeg 1536w\" sizes=\"(max-width: 1600px) 100vw, 1600px\" width=\"1600\" height=\"349\"   \/><\/a><\/div><\/div>","protected":false},"excerpt":{"rendered":"<p>Evento contou com a entrega do t\u00edtulo de cidad\u00e3o honor\u00e1rio ao presidente Pr. Jos\u00e9 Martins&#8230;<\/p>\n","protected":false},"author":2,"featured_media":44019,"comment_status":"open","ping_status":"open","sticky":false,"template":"","format":"standard","meta":{"_mi_skip_tracking":false,"_monsterinsights_sitenote_active":false,"_monsterinsights_sitenote_note":"","_monsterinsights_sitenote_category":0,"footnotes":""},"categories":[1],"tags":[],"class_list":["post-43990","post","type-post","status-publish","format-standard","has-post-thumbnail","hentry","category-sem-categoria"],"_links":{"self":[{"href":"https:\/\/jornalvaleevangelico.com.br\/index.php\/wp-json\/wp\/v2\/posts\/43990","targetHints":{"allow":["GET"]}}],"collection":[{"href":"https:\/\/jornalvaleevangelico.com.br\/index.php\/wp-json\/wp\/v2\/posts"}],"about":[{"href":"https:\/\/jornalvaleevangelico.com.br\/index.php\/wp-json\/wp\/v2\/types\/post"}],"author":[{"embeddable":true,"href":"https:\/\/jornalvaleevangelico.com.br\/index.php\/wp-json\/wp\/v2\/users\/2"}],"replies":[{"embeddable":true,"href":"https:\/\/jornalvaleevangelico.com.br\/index.php\/wp-json\/wp\/v2\/comments?post=43990"}],"version-history":[{"count":2,"href":"https:\/\/jornalvaleevangelico.com.br\/index.php\/wp-json\/wp\/v2\/posts\/43990\/revisions"}],"predecessor-version":[{"id":44021,"href":"https:\/\/jornalvaleevangelico.com.br\/index.php\/wp-json\/wp\/v2\/posts\/43990\/revisions\/44021"}],"wp:featuredmedia":[{"embeddable":true,"href":"https:\/\/jornalvaleevangelico.com.br\/index.php\/wp-json\/wp\/v2\/media\/44019"}],"wp:attachment":[{"href":"https:\/\/jornalvaleevangelico.com.br\/index.php\/wp-json\/wp\/v2\/media?parent=43990"}],"wp:term":[{"taxonomy":"category","embeddable":true,"href":"https:\/\/jornalvaleevangelico.com.br\/index.php\/wp-json\/wp\/v2\/categories?post=43990"},{"taxonomy":"post_tag","embeddable":true,"href":"https:\/\/jornalvaleevangelico.com.br\/index.php\/wp-json\/wp\/v2\/tags?post=43990"}],"curies":[{"name":"wp","href":"https:\/\/api.w.org\/{rel}","templated":true}]}}