{"id":44022,"date":"2025-11-04T11:25:54","date_gmt":"2025-11-04T14:25:54","guid":{"rendered":"https:\/\/jornalvaleevangelico.com.br\/?p=44022"},"modified":"2025-11-04T11:25:54","modified_gmt":"2025-11-04T14:25:54","slug":"inss-chefe-de-entidade-que-fez-descontos-e-preso-pela-cpmi","status":"publish","type":"post","link":"https:\/\/jornalvaleevangelico.com.br\/index.php\/2025\/11\/04\/inss-chefe-de-entidade-que-fez-descontos-e-preso-pela-cpmi\/","title":{"rendered":"INSS: Chefe de entidade que fez descontos \u00e9 preso pela CPMI"},"content":{"rendered":"\n<p>Abra\u00e3o Lincoln Ferreira da Cruz \u00e9 presidente da Confedera\u00e7\u00e3o Brasileira dos Trabalhadores da Pesca e Aquicultura<\/p>\n\n\n\n<figure class=\"wp-block-image\"><img decoding=\"async\" src=\"https:\/\/static.cdn.pleno.news\/2025\/11\/54901041668_53c618ab3b_o-1024x683.jpg\" alt=\"\" class=\"wp-image-1589585\"\/><figcaption class=\"wp-element-caption\">Presidente de confedera\u00e7\u00e3o foi preso pela CPMI do INSS&nbsp;Foto: Carlos Moura\/Ag\u00eancia Senado<\/figcaption><\/figure>\n\n\n\n<p>Abra\u00e3o Lincoln Ferreira da Cruz, presidente da Confedera\u00e7\u00e3o Brasileira dos Trabalhadores da Pesca e Aquicultura (CBPA), foi preso em flagrante nesta segunda-feira (3) ap\u00f3s determina\u00e7\u00e3o do presidente da Comiss\u00e3o Parlamentar Mista de Inqu\u00e9rito (<a href=\"http:\/\/pleno.news\/tag\/cpmi\" target=\"_blank\" rel=\"noreferrer noopener\">CPMI<\/a>) do INSS, senador Carlos Viana (Podemos-MG).<\/p>\n\n\n\n<p>O parlamentar atendeu a pedido do relator da comiss\u00e3o, deputado Alfredo Gaspar (Uni\u00e3o Brasil-AL), que acusou Abra\u00e3o de mentir durante seu depoimento ao colegiado nesta segunda. Segundo Gaspar, Lincoln teria dito inverdades, por exemplo, sobre sua sa\u00edda da antiga Confedera\u00e7\u00e3o Nacional dos Pescadores e Aquicultores (CNPA) \u2014 afirmando que havia renunciado ao cargo, mas, na verdade, foi afastado por decis\u00e3o judicial.<\/p>\n\n\n\n<p>Essa \u00e9 a terceira pris\u00e3o determinada pela CPMI, que investiga um esquema bilion\u00e1rio de descontos irregulares em benef\u00edcios do INSS. Antes de Lincoln, j\u00e1 haviam sido presos o presidente da Conafer, Carlos Roberto Ferreira Lopes, e Rubens Oliveira Costa, ex-diretor ligado ao Careca do INSS.<\/p>\n\n\n\n<p>A CBPA, de Abra\u00e3o Lincoln, \u00e9 uma das entidades investigadas pela Opera\u00e7\u00e3o Sem Desconto, da Pol\u00edcia Federal, que apura as fraudes associativas entre 2019 e 2024. Segundo o relator, a confedera\u00e7\u00e3o passou de apenas quatro cadastros em 2023 para mais de 757 mil em 2025, incluindo 40 mil pessoas j\u00e1 falecidas.<\/p>\n\n\n\n<p>Durante esse per\u00edodo, o grupo teria recebido R$ 221 milh\u00f5es em descontos, cerca de R$ 10 milh\u00f5es por m\u00eas, mas 99,5% dos supostos filiados afirmaram n\u00e3o reconhecer os d\u00e9bitos. Convocado como testemunha, Abra\u00e3o Lincoln compareceu amparado por um habeas corpus preventivo concedido pelo ministro Alexandre de Moraes, do Supremo Tribunal Federal (STF).<\/p>\n\n\n\n<h6 class=\"wp-block-heading\">Paulo Moura &#8211;\u00a004\/11\/2025\u00a007h54 | atualizado em 04\/11\/2025 08h41-Pleno-News<\/h6>\n<div class=\"jorna-rodape jorna-entity-placement\" id=\"jorna-3718970831\"><div id=\"jorna-249225493\"><a href=\"https:\/\/gkscontabilidade.com\/\" aria-label=\"GKS Contabilidade\"><img src=\"https:\/\/jornalvaleevangelico.com.br\/wp-content\/uploads\/2023\/05\/GKS-Contabilidade.jpeg\" alt=\"\"  srcset=\"https:\/\/jornalvaleevangelico.com.br\/wp-content\/uploads\/2023\/05\/GKS-Contabilidade.jpeg 1600w, https:\/\/jornalvaleevangelico.com.br\/wp-content\/uploads\/2023\/05\/GKS-Contabilidade-300x65.jpeg 300w, https:\/\/jornalvaleevangelico.com.br\/wp-content\/uploads\/2023\/05\/GKS-Contabilidade-1024x223.jpeg 1024w, https:\/\/jornalvaleevangelico.com.br\/wp-content\/uploads\/2023\/05\/GKS-Contabilidade-768x168.jpeg 768w, https:\/\/jornalvaleevangelico.com.br\/wp-content\/uploads\/2023\/05\/GKS-Contabilidade-1536x335.jpeg 1536w\" sizes=\"(max-width: 1600px) 100vw, 1600px\" width=\"1600\" height=\"349\"   \/><\/a><\/div><\/div>","protected":false},"excerpt":{"rendered":"<p>Abra\u00e3o Lincoln Ferreira da Cruz \u00e9 presidente da Confedera\u00e7\u00e3o Brasileira dos Trabalhadores da Pesca e&#8230;<\/p>\n","protected":false},"author":2,"featured_media":44023,"comment_status":"open","ping_status":"open","sticky":false,"template":"","format":"standard","meta":{"_mi_skip_tracking":false,"_monsterinsights_sitenote_active":false,"_monsterinsights_sitenote_note":"","_monsterinsights_sitenote_category":0,"footnotes":""},"categories":[1],"tags":[],"class_list":["post-44022","post","type-post","status-publish","format-standard","has-post-thumbnail","hentry","category-sem-categoria"],"_links":{"self":[{"href":"https:\/\/jornalvaleevangelico.com.br\/index.php\/wp-json\/wp\/v2\/posts\/44022","targetHints":{"allow":["GET"]}}],"collection":[{"href":"https:\/\/jornalvaleevangelico.com.br\/index.php\/wp-json\/wp\/v2\/posts"}],"about":[{"href":"https:\/\/jornalvaleevangelico.com.br\/index.php\/wp-json\/wp\/v2\/types\/post"}],"author":[{"embeddable":true,"href":"https:\/\/jornalvaleevangelico.com.br\/index.php\/wp-json\/wp\/v2\/users\/2"}],"replies":[{"embeddable":true,"href":"https:\/\/jornalvaleevangelico.com.br\/index.php\/wp-json\/wp\/v2\/comments?post=44022"}],"version-history":[{"count":1,"href":"https:\/\/jornalvaleevangelico.com.br\/index.php\/wp-json\/wp\/v2\/posts\/44022\/revisions"}],"predecessor-version":[{"id":44024,"href":"https:\/\/jornalvaleevangelico.com.br\/index.php\/wp-json\/wp\/v2\/posts\/44022\/revisions\/44024"}],"wp:featuredmedia":[{"embeddable":true,"href":"https:\/\/jornalvaleevangelico.com.br\/index.php\/wp-json\/wp\/v2\/media\/44023"}],"wp:attachment":[{"href":"https:\/\/jornalvaleevangelico.com.br\/index.php\/wp-json\/wp\/v2\/media?parent=44022"}],"wp:term":[{"taxonomy":"category","embeddable":true,"href":"https:\/\/jornalvaleevangelico.com.br\/index.php\/wp-json\/wp\/v2\/categories?post=44022"},{"taxonomy":"post_tag","embeddable":true,"href":"https:\/\/jornalvaleevangelico.com.br\/index.php\/wp-json\/wp\/v2\/tags?post=44022"}],"curies":[{"name":"wp","href":"https:\/\/api.w.org\/{rel}","templated":true}]}}