{"id":44067,"date":"2025-11-07T20:01:41","date_gmt":"2025-11-07T23:01:41","guid":{"rendered":"https:\/\/jornalvaleevangelico.com.br\/?p=44067"},"modified":"2025-11-07T20:01:42","modified_gmt":"2025-11-07T23:01:42","slug":"novo-conselheiro-do-tce-sp-chora-e-cita-jair-bolsonaro","status":"publish","type":"post","link":"https:\/\/jornalvaleevangelico.com.br\/index.php\/2025\/11\/07\/novo-conselheiro-do-tce-sp-chora-e-cita-jair-bolsonaro\/","title":{"rendered":"Novo conselheiro do TCE-SP chora e cita Jair Bolsonaro"},"content":{"rendered":"\n<h2 class=\"wp-block-heading\">Ros\u00e1rio disse que ex-presidente &#8220;em breve estar\u00e1 conosco&#8221;<\/h2>\n\n\n\n<p>Nesta sexta-feira (7), durante discurso de posse, o novo conselheiro do Tribunal de Contas do Estado de S\u00e3o Paulo (TCE-SP), Wagner Ros\u00e1rio, chorou ao mencionar o ex-presidente Jair Bolsonaro. O ato aconteceu em cerim\u00f4nia que contou com a presen\u00e7a do governador Tarc\u00edsio de Freitas (Republicanos) e do senador Fl\u00e1vio Bolsonaro (PL).<\/p>\n\n\n\n<p>Indicado por Tarc\u00edsio para a vaga deixada pelo ex-conselheiro Antonio Roque Citadini, Ros\u00e1rio se emocionou ao agradecer ao ex-presidente, dirigindo-se ao filho de Bolsonaro.<\/p>\n\n\n\n<p>\u2013 Fl\u00e1vio, fa\u00e7o uma homenagem ao seu pai, que me permitiu dar continuidade ao meu trabalho como controlador-geral. Gostaria de contar hoje com a presen\u00e7a dele nesse audit\u00f3rio. Mas eu confio muito nas institui\u00e7\u00f5es brasileiras e sei que em breve estar\u00e1 conosco \u2013 disse, antes de interromper a fala para se recompor.<\/p>\n\n\n\n<p>Durante a cerim\u00f4nia, Tarc\u00edsio tamb\u00e9m se emocionou e declarou apoio ao ex-presidente.<\/p>\n\n\n\n<p>\u2013 Quero dizer, Fl\u00e1vio, que seu pai est\u00e1 aqui conosco. Voc\u00ea representa ele aqui e ele est\u00e1 muito feliz com a posse de Ros\u00e1rio. Gratid\u00e3o \u00e9 algo que n\u00e3o prescreve e nunca vai prescrever \u2013 afirmou.<\/p>\n\n\n\n<p>O evento tamb\u00e9m contou com a presen\u00e7a do ministro do STF Andr\u00e9 Mendon\u00e7a, que foi convidado por Ros\u00e1rio para fazer uma ora\u00e7\u00e3o. Pastor, Mendon\u00e7a conduziu a prece, seguida por um padre cat\u00f3lico que rezou o \u201cPai Nosso\u201d.<\/p>\n\n\n\n<p>A Assembleia Legislativa de S\u00e3o Paulo (Alesp) aprovou o nome de Ros\u00e1rio em setembro, com 59 votos a favor e 16 contr\u00e1rios. A vota\u00e7\u00e3o chegou a ser adiada ap\u00f3s manobras da oposi\u00e7\u00e3o, que usou o julgamento de Bolsonaro no STF para questionar a nomea\u00e7\u00e3o.<\/p>\n\n\n\n<p>Antes de assumir o cargo no TCE, Ros\u00e1rio foi controlador-geral do Estado de S\u00e3o Paulo e ministro da Controladoria-Geral da Uni\u00e3o (CGU) durante os governos de Michel Temer (MDB) e Jair Bolsonaro (PL).<\/p>\n\n\n\n<h6 class=\"wp-block-heading\">Pleno.News &#8211;\u00a007\/11\/2025\u00a018h42<\/h6>\n\n\n\n<p><\/p>\n<div class=\"jorna-rodape jorna-entity-placement\" id=\"jorna-2111535883\"><div id=\"jorna-2292579339\"><a href=\"https:\/\/gkscontabilidade.com\/\" aria-label=\"GKS Contabilidade\"><img src=\"https:\/\/jornalvaleevangelico.com.br\/wp-content\/uploads\/2023\/05\/GKS-Contabilidade.jpeg\" alt=\"\"  srcset=\"https:\/\/jornalvaleevangelico.com.br\/wp-content\/uploads\/2023\/05\/GKS-Contabilidade.jpeg 1600w, https:\/\/jornalvaleevangelico.com.br\/wp-content\/uploads\/2023\/05\/GKS-Contabilidade-300x65.jpeg 300w, https:\/\/jornalvaleevangelico.com.br\/wp-content\/uploads\/2023\/05\/GKS-Contabilidade-1024x223.jpeg 1024w, https:\/\/jornalvaleevangelico.com.br\/wp-content\/uploads\/2023\/05\/GKS-Contabilidade-768x168.jpeg 768w, https:\/\/jornalvaleevangelico.com.br\/wp-content\/uploads\/2023\/05\/GKS-Contabilidade-1536x335.jpeg 1536w\" sizes=\"(max-width: 1600px) 100vw, 1600px\" width=\"1600\" height=\"349\"   \/><\/a><\/div><\/div>","protected":false},"excerpt":{"rendered":"<p>Ros\u00e1rio disse que ex-presidente &#8220;em breve estar\u00e1 conosco&#8221; Nesta sexta-feira (7), durante discurso de posse,&#8230;<\/p>\n","protected":false},"author":2,"featured_media":44068,"comment_status":"open","ping_status":"open","sticky":false,"template":"","format":"standard","meta":{"_mi_skip_tracking":false,"_monsterinsights_sitenote_active":false,"_monsterinsights_sitenote_note":"","_monsterinsights_sitenote_category":0,"footnotes":""},"categories":[1],"tags":[],"class_list":["post-44067","post","type-post","status-publish","format-standard","has-post-thumbnail","hentry","category-sem-categoria"],"_links":{"self":[{"href":"https:\/\/jornalvaleevangelico.com.br\/index.php\/wp-json\/wp\/v2\/posts\/44067","targetHints":{"allow":["GET"]}}],"collection":[{"href":"https:\/\/jornalvaleevangelico.com.br\/index.php\/wp-json\/wp\/v2\/posts"}],"about":[{"href":"https:\/\/jornalvaleevangelico.com.br\/index.php\/wp-json\/wp\/v2\/types\/post"}],"author":[{"embeddable":true,"href":"https:\/\/jornalvaleevangelico.com.br\/index.php\/wp-json\/wp\/v2\/users\/2"}],"replies":[{"embeddable":true,"href":"https:\/\/jornalvaleevangelico.com.br\/index.php\/wp-json\/wp\/v2\/comments?post=44067"}],"version-history":[{"count":1,"href":"https:\/\/jornalvaleevangelico.com.br\/index.php\/wp-json\/wp\/v2\/posts\/44067\/revisions"}],"predecessor-version":[{"id":44069,"href":"https:\/\/jornalvaleevangelico.com.br\/index.php\/wp-json\/wp\/v2\/posts\/44067\/revisions\/44069"}],"wp:featuredmedia":[{"embeddable":true,"href":"https:\/\/jornalvaleevangelico.com.br\/index.php\/wp-json\/wp\/v2\/media\/44068"}],"wp:attachment":[{"href":"https:\/\/jornalvaleevangelico.com.br\/index.php\/wp-json\/wp\/v2\/media?parent=44067"}],"wp:term":[{"taxonomy":"category","embeddable":true,"href":"https:\/\/jornalvaleevangelico.com.br\/index.php\/wp-json\/wp\/v2\/categories?post=44067"},{"taxonomy":"post_tag","embeddable":true,"href":"https:\/\/jornalvaleevangelico.com.br\/index.php\/wp-json\/wp\/v2\/tags?post=44067"}],"curies":[{"name":"wp","href":"https:\/\/api.w.org\/{rel}","templated":true}]}}