{"id":44276,"date":"2025-11-21T11:06:15","date_gmt":"2025-11-21T14:06:15","guid":{"rendered":"https:\/\/jornalvaleevangelico.com.br\/?p=44276"},"modified":"2025-11-21T11:07:24","modified_gmt":"2025-11-21T14:07:24","slug":"aline-barros-e-ua-pequena-confusao","status":"publish","type":"post","link":"https:\/\/jornalvaleevangelico.com.br\/index.php\/2025\/11\/21\/aline-barros-e-ua-pequena-confusao\/","title":{"rendered":"Aline Barros e u&#8217;a pequena confus\u00e3o\u2026"},"content":{"rendered":"\n<h2 class=\"wp-block-heading\">(Gra\u00e7as a Deus, na semana passada, tendo tratado de cousas mais da d\u00e9cada dos 80 do s\u00e9culo e do mil\u00eanio passados, citando o cantor e compositor, agora senador, Magno Malta, nest&#8217;exto mencionarei sua esposa\u2026).<\/h2>\n\n\n\n<p>(1 UMA CONTEXTUALIZA\u00c7\u00c3O)<\/p>\n\n\n\n<ul class=\"wp-block-list\">\n<li>Nos anos 80, al\u00e9m d&#8217;eu ter atuado no pastorado e na educa\u00e7\u00e3o teol\u00f3gica, atuei tamb\u00e9m em comunica\u00e7\u00e3o e em minist\u00e9rios interdenominacionais, e no dec\u00eanio dos 90 me ocupei mais em comunica\u00e7\u00e3o e minist\u00e9rios interdenominacionais \u2013 para falar somente de comunica\u00e7\u00e3o, foi em TV (incluso, com outros comunicadores televisivos, tendo fundado a C.E.C. &#8212; Central Evang\u00e9lica de Comunica\u00e7\u00f5es &#8211;), e em r\u00e1dios AM e FM, naquela e nestas ao vivo e com\/o grava\u00e7\u00e3o, bem como em jornais impressos \u2013;<\/li>\n<\/ul>\n\n\n\n<p>(2 MAIS ESPECIFICA\u00c7\u00c3O)<\/p>\n\n\n\n<ul class=\"wp-block-list\">\n<li>falando agora s\u00f3 de TV, al\u00e9m de diretor, redator, apresentador e divulgador do programa das igrejas presbiterianas desta Governador Valadares (tendo sido sucedido pelo Pr.-Prof. Regino Anacleto de Melo), eu era o entrevistador oficial e o substituto imediato do diretor-apresentador dum programa interdenominacional, como passei a ser convidado para entrevistar num programa da Igreja do Evangelho Quadrangular desta Governador, quando eles recebiam visitantes ilustres e famosos no templo central dessa Igreja, a 1\u00aa desta Valadares, ou, para grandes eventos; lembro-me de ter entrevistado a cantora Lauriete Rodrigues de Jesus, que viria a ser deputada federal e esposa do Sen. MAGNO Pereira MALTA, tendo sido tudo tranquilo, como noutras entrevistas;<\/li>\n<\/ul>\n\n\n\n<p>(3 ESTRANHA GESTICULA\u00c7\u00c3O)<\/p>\n\n\n\n<ul class=\"wp-block-list\">\n<li>todavia, toda via quase, a entrevista com ALINE Kistenmacker BARROS dos Santos teve um probleminha, n\u00e3o por qu\u00ea o est\u00fadio estivesse cheio (sempre, quando vinha um(a) famoso\/a, ele ficava apinhado de gente) e somente a cantora e eu estiv\u00e9ssemos na bancada; \u00e9 que ela h\u00e1 pouco participara do programa da Xuxa na TV Globo, e fora anunciado que grava\u00e7\u00e3o disso iria para o ar ap\u00f3s a entrevista; em meio a isso, a repetidora da Globo, que estava de olho no programa desse outro canal, foi logo dizendo que iria processar a emissora que nos veiculava e\/ou o programa, caso o prometido fosse para o ar; eu continuava a entrevistar, at\u00e9 que chamei a grava\u00e7\u00e3o da Aline na Xuxa, e, como em TV eu olho muito para as c\u00e2maras, virando muito a cabe\u00e7a, acabei vendo muitos acenos quase indecifr\u00e1veis para eu esticar a entrevista, e aquilo foi um pouco me descontrolando, tendo feito daquela a minha pior entrevista; al\u00e9m disso, n\u00e3o pudemos mostrar as imagens da Globo\u2026 Por\u00e9m, tudo entrou para a hist\u00f3ria, e eu tamb\u00e9m entrei, e s\u00f3 sairemos quando o tempo e a hist\u00f3ria, juntos, derem lugar \u00e0 eternidade.<\/li>\n\n\n\n<li>(Se Deus quiser, na pr\u00f3xima semana darei um pequeno-depoimento-pequeno sobre a &#8220;nova&#8221; do Robert Francis Prevost, que agora atende pelo t\u00edtulo de Le\u00e3o XIV\u2026).<\/li>\n<\/ul>\n\n\n\n<p>Celso de Medeiros Costa, em gratid\u00e3o.<\/p>\n<div class=\"jorna-rodape jorna-entity-placement\" id=\"jorna-3554997032\"><div id=\"jorna-4164179397\"><a href=\"https:\/\/gkscontabilidade.com\/\" aria-label=\"GKS Contabilidade\"><img src=\"https:\/\/jornalvaleevangelico.com.br\/wp-content\/uploads\/2023\/05\/GKS-Contabilidade.jpeg\" alt=\"\"  srcset=\"https:\/\/jornalvaleevangelico.com.br\/wp-content\/uploads\/2023\/05\/GKS-Contabilidade.jpeg 1600w, https:\/\/jornalvaleevangelico.com.br\/wp-content\/uploads\/2023\/05\/GKS-Contabilidade-300x65.jpeg 300w, https:\/\/jornalvaleevangelico.com.br\/wp-content\/uploads\/2023\/05\/GKS-Contabilidade-1024x223.jpeg 1024w, https:\/\/jornalvaleevangelico.com.br\/wp-content\/uploads\/2023\/05\/GKS-Contabilidade-768x168.jpeg 768w, https:\/\/jornalvaleevangelico.com.br\/wp-content\/uploads\/2023\/05\/GKS-Contabilidade-1536x335.jpeg 1536w\" sizes=\"(max-width: 1600px) 100vw, 1600px\" width=\"1600\" height=\"349\"   \/><\/a><\/div><\/div>","protected":false},"excerpt":{"rendered":"<p>(Gra\u00e7as a Deus, na semana passada, tendo tratado de cousas mais da d\u00e9cada dos 80&#8230;<\/p>\n","protected":false},"author":2,"featured_media":25607,"comment_status":"open","ping_status":"open","sticky":false,"template":"","format":"standard","meta":{"_mi_skip_tracking":false,"_monsterinsights_sitenote_active":false,"_monsterinsights_sitenote_note":"","_monsterinsights_sitenote_category":0,"footnotes":""},"categories":[3,15],"tags":[],"class_list":["post-44276","post","type-post","status-publish","format-standard","has-post-thumbnail","hentry","category-artigo","category-mundo-cristao"],"_links":{"self":[{"href":"https:\/\/jornalvaleevangelico.com.br\/index.php\/wp-json\/wp\/v2\/posts\/44276","targetHints":{"allow":["GET"]}}],"collection":[{"href":"https:\/\/jornalvaleevangelico.com.br\/index.php\/wp-json\/wp\/v2\/posts"}],"about":[{"href":"https:\/\/jornalvaleevangelico.com.br\/index.php\/wp-json\/wp\/v2\/types\/post"}],"author":[{"embeddable":true,"href":"https:\/\/jornalvaleevangelico.com.br\/index.php\/wp-json\/wp\/v2\/users\/2"}],"replies":[{"embeddable":true,"href":"https:\/\/jornalvaleevangelico.com.br\/index.php\/wp-json\/wp\/v2\/comments?post=44276"}],"version-history":[{"count":1,"href":"https:\/\/jornalvaleevangelico.com.br\/index.php\/wp-json\/wp\/v2\/posts\/44276\/revisions"}],"predecessor-version":[{"id":44277,"href":"https:\/\/jornalvaleevangelico.com.br\/index.php\/wp-json\/wp\/v2\/posts\/44276\/revisions\/44277"}],"wp:featuredmedia":[{"embeddable":true,"href":"https:\/\/jornalvaleevangelico.com.br\/index.php\/wp-json\/wp\/v2\/media\/25607"}],"wp:attachment":[{"href":"https:\/\/jornalvaleevangelico.com.br\/index.php\/wp-json\/wp\/v2\/media?parent=44276"}],"wp:term":[{"taxonomy":"category","embeddable":true,"href":"https:\/\/jornalvaleevangelico.com.br\/index.php\/wp-json\/wp\/v2\/categories?post=44276"},{"taxonomy":"post_tag","embeddable":true,"href":"https:\/\/jornalvaleevangelico.com.br\/index.php\/wp-json\/wp\/v2\/tags?post=44276"}],"curies":[{"name":"wp","href":"https:\/\/api.w.org\/{rel}","templated":true}]}}