{"id":44278,"date":"2025-11-21T11:11:18","date_gmt":"2025-11-21T14:11:18","guid":{"rendered":"https:\/\/jornalvaleevangelico.com.br\/?p=44278"},"modified":"2025-11-21T11:17:37","modified_gmt":"2025-11-21T14:17:37","slug":"habemus-papam-agostiniano-mariolatria-em-acao","status":"publish","type":"post","link":"https:\/\/jornalvaleevangelico.com.br\/index.php\/2025\/11\/21\/habemus-papam-agostiniano-mariolatria-em-acao\/","title":{"rendered":"Habemus \u201cPapam\u201d agostiniano? \u2013 Mariolatria em a\u00e7\u00e3o!!!\u2026"},"content":{"rendered":"\n<h2 class=\"wp-block-heading\">O fato do atual \u201cpapa\u201d ser o primeiro da ordem religiosa da qual Martinho Lutero fizera parte, por esta lembrar Agostinho, e, sobretudo, pelo que esse l\u00edder j\u00e1 \u201ctirou\u201d do romanismo, mormente quanto a Maria, algo p\u00f4de nos animar, mas, mais, precisaremos fazer algumas considera\u00e7\u00f5es, tais como as infracitadas:<\/h2>\n\n\n\n<p>1 PONTOS POSITIVOS OU PONTES PARA EVANGELIZA\u00c7\u00c3O<\/p>\n\n\n\n<ul class=\"wp-block-list\">\n<li>Tratando especificamente do que o cardeal Robert Francis Prevost ou Le\u00e3o XIV (nasceu em 14\/9\/1955) \u201ctirou\u201d de Maria, temos os seguintes pontos positivos: (1) o assunto est\u00e1 sendo bastante discutido nas redes sociais, (2) sobretudo o pr\u00f3prio Le\u00e3o XIV mostrou que os t\u00edtulos marianos n\u00e3o se encontram na B\u00edblia, e, (3) no m\u00ednimo \u2013 o que \u00e9 o m\u00e1ximo! \u2013, isso poder\u00e1 ser pontes para a evangeliza\u00e7\u00e3o!!!<\/li>\n<\/ul>\n\n\n\n<p>2 PONTOS INTERROGATIVOS OU PONTES DE INFORMA\u00c7\u00c3O<\/p>\n\n\n\n<ul class=\"wp-block-list\">\n<li>Sobre isso, ainda temos pontos interrogativos: (1) Qual o prop\u00f3sito do l\u00edder maior do romanismo? (2) A libera\u00e7\u00e3o do uso da B\u00edblia por Angelo Giuseppe Roncalli, Jo\u00e3o XXIII (25\/11\/1881-3\/6\/1963), nos anos 60 do s\u00e9culo e mil\u00eanio passados, adiantou muito? E (3) teve a libera\u00e7\u00e3o da Renova\u00e7\u00e3o Carism\u00e1tica por Karol J\u00f3zel Wojtyla, Jo\u00e3o Paulo II (18\/5\/1920-2\/4\/2005), no final do s\u00e9culo XX\u2026 mas \u2013 m\u00e1s! \u2013, com\/o glorifica\u00e7\u00f5es de Maria? E esses pontos interrogativos, o \u00faltimo uma pergunta cl\u00e1ssica, levam-nos \u00e0 pontes de informa\u00e7\u00e3o???<\/li>\n<\/ul>\n\n\n\n<p>3 PONTOS NEGATIVOS OU PONTES FIXAS DA ORGANIZA\u00c7\u00c3O<\/p>\n\n\n\n<ul class=\"wp-block-list\">\n<li>E os pontos negativos, que s\u00e3o at\u00e9 maiores, s\u00e3o que (1) a tradi\u00e7\u00e3o romanista \u00e9 muito forte, ao ponto de n\u00e3o optarem tanto pela B\u00edblia, a Palavra Escrita, privilegiando a tradi\u00e7\u00e3o, (2) a mariolatria continua, Maria tirando espa\u00e7os de Cristo, a Palavra Encarnada, e, enfim, (3) os seguintes itens podem ser da Igreja Cat\u00f3lica Apost\u00f3lica Romana \u2013 (3.1) a f\u00f3rmula (\u201cfilosofia\u201d!), (3.2) a forma (\u201cv\u00e3s sutilezas\u201d!!) e (3.3) a f\u00f4rma (\u201cconforme a tradi\u00e7\u00e3o dos homens, conforme os rudimentos do mundo\u201d!!!) \u2013, de Cl 1.8 quanto ao gnosticismo, sim, aplicam-se ao romanismo, e o reconhecimento desses pontos negativos nos faz ver as pontes fixas da organiza\u00e7\u00e3o em tela, firme em seus prop\u00f3sitos.<\/li>\n\n\n\n<li>Se tu concordares ou n\u00e3o que h\u00e1 algo positivo nas \u00faltimas do Le\u00e3o XIV, aproveite tal para evangeliza\u00e7\u00e3o; independentemente de concordares do aspecto interrogativo disso, n\u00e3o deixes de questionar os atos do Le\u00e3o XIV; e, mesmo se n\u00e3o concordares de aspectos negativos de tudo isso, lembre-se que o romanismo n\u00e3o brinca em servi\u00e7o.<\/li>\n<\/ul>\n\n\n\n<p>Celso de Medeiros Costa! Mais evangeliza\u00e7\u00f5es urdir\u00e3o???<\/p>\n\n\n\n<h6 class=\"wp-block-heading\">Os artigos s\u00e3o de inteira responsabilidade do autor<\/h6>\n\n\n\n<p><\/p>\n<div class=\"jorna-rodape jorna-entity-placement\" id=\"jorna-2085229556\"><div id=\"jorna-945058266\"><a href=\"https:\/\/gkscontabilidade.com\/\" aria-label=\"GKS Contabilidade\"><img src=\"https:\/\/jornalvaleevangelico.com.br\/wp-content\/uploads\/2023\/05\/GKS-Contabilidade.jpeg\" alt=\"\"  srcset=\"https:\/\/jornalvaleevangelico.com.br\/wp-content\/uploads\/2023\/05\/GKS-Contabilidade.jpeg 1600w, https:\/\/jornalvaleevangelico.com.br\/wp-content\/uploads\/2023\/05\/GKS-Contabilidade-300x65.jpeg 300w, https:\/\/jornalvaleevangelico.com.br\/wp-content\/uploads\/2023\/05\/GKS-Contabilidade-1024x223.jpeg 1024w, https:\/\/jornalvaleevangelico.com.br\/wp-content\/uploads\/2023\/05\/GKS-Contabilidade-768x168.jpeg 768w, https:\/\/jornalvaleevangelico.com.br\/wp-content\/uploads\/2023\/05\/GKS-Contabilidade-1536x335.jpeg 1536w\" sizes=\"(max-width: 1600px) 100vw, 1600px\" width=\"1600\" height=\"349\"   \/><\/a><\/div><\/div>","protected":false},"excerpt":{"rendered":"<p>O fato do atual \u201cpapa\u201d ser o primeiro da ordem religiosa da qual Martinho Lutero&#8230;<\/p>\n","protected":false},"author":2,"featured_media":11171,"comment_status":"open","ping_status":"open","sticky":false,"template":"","format":"standard","meta":{"_mi_skip_tracking":false,"_monsterinsights_sitenote_active":false,"_monsterinsights_sitenote_note":"","_monsterinsights_sitenote_category":0,"footnotes":""},"categories":[3,15],"tags":[],"class_list":["post-44278","post","type-post","status-publish","format-standard","has-post-thumbnail","hentry","category-artigo","category-mundo-cristao"],"_links":{"self":[{"href":"https:\/\/jornalvaleevangelico.com.br\/index.php\/wp-json\/wp\/v2\/posts\/44278","targetHints":{"allow":["GET"]}}],"collection":[{"href":"https:\/\/jornalvaleevangelico.com.br\/index.php\/wp-json\/wp\/v2\/posts"}],"about":[{"href":"https:\/\/jornalvaleevangelico.com.br\/index.php\/wp-json\/wp\/v2\/types\/post"}],"author":[{"embeddable":true,"href":"https:\/\/jornalvaleevangelico.com.br\/index.php\/wp-json\/wp\/v2\/users\/2"}],"replies":[{"embeddable":true,"href":"https:\/\/jornalvaleevangelico.com.br\/index.php\/wp-json\/wp\/v2\/comments?post=44278"}],"version-history":[{"count":2,"href":"https:\/\/jornalvaleevangelico.com.br\/index.php\/wp-json\/wp\/v2\/posts\/44278\/revisions"}],"predecessor-version":[{"id":44280,"href":"https:\/\/jornalvaleevangelico.com.br\/index.php\/wp-json\/wp\/v2\/posts\/44278\/revisions\/44280"}],"wp:featuredmedia":[{"embeddable":true,"href":"https:\/\/jornalvaleevangelico.com.br\/index.php\/wp-json\/wp\/v2\/media\/11171"}],"wp:attachment":[{"href":"https:\/\/jornalvaleevangelico.com.br\/index.php\/wp-json\/wp\/v2\/media?parent=44278"}],"wp:term":[{"taxonomy":"category","embeddable":true,"href":"https:\/\/jornalvaleevangelico.com.br\/index.php\/wp-json\/wp\/v2\/categories?post=44278"},{"taxonomy":"post_tag","embeddable":true,"href":"https:\/\/jornalvaleevangelico.com.br\/index.php\/wp-json\/wp\/v2\/tags?post=44278"}],"curies":[{"name":"wp","href":"https:\/\/api.w.org\/{rel}","templated":true}]}}