{"id":46325,"date":"2026-03-10T11:55:29","date_gmt":"2026-03-10T14:55:29","guid":{"rendered":"https:\/\/jornalvaleevangelico.com.br\/?p=46325"},"modified":"2026-03-10T11:55:30","modified_gmt":"2026-03-10T14:55:30","slug":"caso-master-inss-e-lulinha-ampliam-desgaste-do-governo","status":"publish","type":"post","link":"https:\/\/jornalvaleevangelico.com.br\/index.php\/2026\/03\/10\/caso-master-inss-e-lulinha-ampliam-desgaste-do-governo\/","title":{"rendered":"Caso Master, INSS e Lulinha ampliam desgaste do governo"},"content":{"rendered":"\n<h2 class=\"wp-block-heading\">Fato \u00e9 reconhecido por parlamentares alinhados a Lula<\/h2>\n\n\n\n<p>Em ano eleitoral, as diversas pol\u00eamicas envolvendo o Banco Master, as investiga\u00e7\u00f5es sobre fraudes no INSS e suspeitas contra o empres\u00e1rio F\u00e1bio Lu\u00eds Lula da Silva, o Lulinha, filho do presidente Luiz In\u00e1cio Lula da Silva (PT), t\u00eam gerado um desgaste pol\u00edtico sobre o atual governo e podem influenciar as decis\u00f5es nas urnas.<\/p>\n\n\n\n<p>O impacto em quest\u00e3o tem se tornado evidente no cen\u00e1rio pol\u00edtico, em um momento no qual o pa\u00eds vive uma forte polariza\u00e7\u00e3o, fazendo com que a oposi\u00e7\u00e3o \u00e0 gest\u00e3o petista ganhe for\u00e7a em meio a tantas investiga\u00e7\u00f5es e irregularidades envolvendo o governo atual e os personagens da esquerda, fato reconhecido at\u00e9 mesmo por parlamentares alinhados a Lula.<\/p>\n\n\n\n<p>\u2013 Nesse processo de investiga\u00e7\u00e3o, tamb\u00e9m \u00e9 preciso avaliar os desgastes que podem estar sendo associados ao governo \u2013 disse o deputado Pedro Uczai (PT-SC).<\/p>\n\n\n\n<p>No \u00faltimo dia 1\u00b0 de mar\u00e7o, por sinal, a oposi\u00e7\u00e3o promoveu o&nbsp;<em>Acorda, Brasil<\/em>, manifesta\u00e7\u00e3o que era uma cr\u00edtica direta aos esc\u00e2ndalos recentes envolvendo o governo atual e o Supremo Tribunal Federal. Durante a manifesta\u00e7\u00e3o na Avenida Paulista, o senador Fl\u00e1vio Bolsonaro (PL-RJ), principal candidato \u00e0 presid\u00eancia da oposi\u00e7\u00e3o, destacou justamente a revolta da popula\u00e7\u00e3o diante das den\u00fancias de corrup\u00e7\u00e3o.<\/p>\n\n\n\n<p>\u2013 O povo brasileiro n\u00e3o aguenta mais tanta corrup\u00e7\u00e3o. O povo brasileiro n\u00e3o aguenta mais tanta taxa\u00e7\u00e3o. O povo brasileiro n\u00e3o aguenta mais tanta roubalheira nesse pa\u00eds e tanta viol\u00eancia. Tudo isso \u00e9 a incompet\u00eancia do atual governo. O Lula \u00e9 uma mercadoria vencida, ningu\u00e9m vai conseguir mais engolir essa picanha podre, essa cervejinha choca, que \u00e9 o que o Lula apresentou \u2013 disse Fl\u00e1vio.<\/p>\n\n\n\n<p>Ainda durante a manifesta\u00e7\u00e3o, o deputado estadual Nikolas Ferreira (PL-MG), outro nome de grande destaque na oposi\u00e7\u00e3o, destacou o posicionamento do povo brasileiro que se levantou e foi \u00e0s ruas, manifestar sua indigna\u00e7\u00e3o com o atual governo.<\/p>\n\n\n\n<p>\u2013 O povo brasileiro acordou, as pessoas n\u00e3o desistiram, a Paulista t\u00e1 lotada e sem nenhum p\u00e3o com mortadela. Com a verdade, o povo vai vir pro nosso lado, este ano n\u00f3s vamos vencer \u2013 destacou o parlamentar.<\/p>\n\n\n\n<p>De acordo com pesquisas recentes, as inten\u00e7\u00f5es de voto apontam para um cen\u00e1rio competitivo em 2026. No \u00faltimo final de semana, por exemplo, a pesquisa Datafolha indicou empate t\u00e9cnico entre Luiz In\u00e1cio Lula da Silva (PT) e Fl\u00e1vio Bolsonaro (PL).<\/p>\n\n\n\n<h6 class=\"wp-block-heading\">Leonan Nicolas &#8211;\u00a010\/03\/2026\u00a009h49 | atualizado em 10\/03\/2026 10h58-Pleno.News<\/h6>\n\n\n\n<p><\/p>\n<div class=\"jorna-rodape jorna-entity-placement\" id=\"jorna-730395222\"><div id=\"jorna-1959947719\"><a href=\"https:\/\/gkscontabilidade.com\/\" aria-label=\"GKS Contabilidade\"><img src=\"https:\/\/jornalvaleevangelico.com.br\/wp-content\/uploads\/2023\/05\/GKS-Contabilidade.jpeg\" alt=\"\"  srcset=\"https:\/\/jornalvaleevangelico.com.br\/wp-content\/uploads\/2023\/05\/GKS-Contabilidade.jpeg 1600w, https:\/\/jornalvaleevangelico.com.br\/wp-content\/uploads\/2023\/05\/GKS-Contabilidade-300x65.jpeg 300w, https:\/\/jornalvaleevangelico.com.br\/wp-content\/uploads\/2023\/05\/GKS-Contabilidade-1024x223.jpeg 1024w, https:\/\/jornalvaleevangelico.com.br\/wp-content\/uploads\/2023\/05\/GKS-Contabilidade-768x168.jpeg 768w, https:\/\/jornalvaleevangelico.com.br\/wp-content\/uploads\/2023\/05\/GKS-Contabilidade-1536x335.jpeg 1536w\" sizes=\"(max-width: 1600px) 100vw, 1600px\" width=\"1600\" height=\"349\"   \/><\/a><\/div><\/div>","protected":false},"excerpt":{"rendered":"<p>Fato \u00e9 reconhecido por parlamentares alinhados a Lula Em ano eleitoral, as diversas pol\u00eamicas envolvendo&#8230;<\/p>\n","protected":false},"author":2,"featured_media":46326,"comment_status":"open","ping_status":"open","sticky":false,"template":"","format":"standard","meta":{"_mi_skip_tracking":false,"_monsterinsights_sitenote_active":false,"_monsterinsights_sitenote_note":"","_monsterinsights_sitenote_category":0,"footnotes":""},"categories":[2,13],"tags":[],"class_list":["post-46325","post","type-post","status-publish","format-standard","has-post-thumbnail","hentry","category-noticia","category-politica"],"_links":{"self":[{"href":"https:\/\/jornalvaleevangelico.com.br\/index.php\/wp-json\/wp\/v2\/posts\/46325","targetHints":{"allow":["GET"]}}],"collection":[{"href":"https:\/\/jornalvaleevangelico.com.br\/index.php\/wp-json\/wp\/v2\/posts"}],"about":[{"href":"https:\/\/jornalvaleevangelico.com.br\/index.php\/wp-json\/wp\/v2\/types\/post"}],"author":[{"embeddable":true,"href":"https:\/\/jornalvaleevangelico.com.br\/index.php\/wp-json\/wp\/v2\/users\/2"}],"replies":[{"embeddable":true,"href":"https:\/\/jornalvaleevangelico.com.br\/index.php\/wp-json\/wp\/v2\/comments?post=46325"}],"version-history":[{"count":1,"href":"https:\/\/jornalvaleevangelico.com.br\/index.php\/wp-json\/wp\/v2\/posts\/46325\/revisions"}],"predecessor-version":[{"id":46327,"href":"https:\/\/jornalvaleevangelico.com.br\/index.php\/wp-json\/wp\/v2\/posts\/46325\/revisions\/46327"}],"wp:featuredmedia":[{"embeddable":true,"href":"https:\/\/jornalvaleevangelico.com.br\/index.php\/wp-json\/wp\/v2\/media\/46326"}],"wp:attachment":[{"href":"https:\/\/jornalvaleevangelico.com.br\/index.php\/wp-json\/wp\/v2\/media?parent=46325"}],"wp:term":[{"taxonomy":"category","embeddable":true,"href":"https:\/\/jornalvaleevangelico.com.br\/index.php\/wp-json\/wp\/v2\/categories?post=46325"},{"taxonomy":"post_tag","embeddable":true,"href":"https:\/\/jornalvaleevangelico.com.br\/index.php\/wp-json\/wp\/v2\/tags?post=46325"}],"curies":[{"name":"wp","href":"https:\/\/api.w.org\/{rel}","templated":true}]}}