{"id":46349,"date":"2026-03-14T18:54:41","date_gmt":"2026-03-14T21:54:41","guid":{"rendered":"https:\/\/jornalvaleevangelico.com.br\/?p=46349"},"modified":"2026-03-14T19:04:40","modified_gmt":"2026-03-14T22:04:40","slug":"flavio-bolsonaro-medico-falou-que-meu-pai-escapou-por-pouco","status":"publish","type":"post","link":"https:\/\/jornalvaleevangelico.com.br\/index.php\/2026\/03\/14\/flavio-bolsonaro-medico-falou-que-meu-pai-escapou-por-pouco\/","title":{"rendered":"Fl\u00e1vio Bolsonaro: \u201cM\u00e9dico falou que meu pai escapou por pouco\u201d"},"content":{"rendered":"\n<h2 class=\"wp-block-heading\">Ex-presidente est\u00e1 internado com broncopneumonia bacteriana bilateral<\/h2>\n\n\n\n<p>Na manh\u00e3 deste s\u00e1bado (14), o senador Fl\u00e1vio Bolsonaro (PL-RJ) informou ter ouvido do m\u00e9dico de seu pai, doutor Leandro Echenique, que o ex-presidente Jair Bolsonaro (PL) \u201cescapou por pouco\u201d de ter uma infec\u00e7\u00e3o generalizada. Para o profissional de sa\u00fade, poucas horas poderiam ter sido decisivas.<\/p>\n\n\n\n<p> Ontem, no final do dia, eu conversei com o m\u00e9dico do meu pai, Dr. Leandro Echenique, e o Dr me falou: \u201cFl\u00e1vio, mais uma vez, teu pai escapou por pouco. Se ele ficasse mais uma ou duas horas l\u00e1 no 19\u00ba Batalh\u00e3o [Papudinha] e n\u00e3o fosse levado ao hospital, ele tinha grandes chances de se complicar\u201d \u2013 contou.<\/p>\n\n\n\n<p>Na sequ\u00eancia, Fl\u00e1vio lembrou que o ministro do Supremo Tribunal Federal (STF), Alexandre de Moraes, demorou 24 horas para autorizar a ida do ex-chefe do Executivo ao hospital ap\u00f3s a queda na cela, em janeiro deste ano.<\/p>\n\n\n\n<p>Fl\u00e1vio pontuou que se a demora se repetisse desta vez, \u201ca chance era de que ele tivesse uma infec\u00e7\u00e3o generalizada e, em casos como esse, uma a cada duas pessoas sobrevivem\u201d.<\/p>\n\n\n\n<p>O Hospital DF Star informou que o l\u00edder conservador foi diagnosticado com broncopneumonia bacteriana bilateral de prov\u00e1vel origem aspirativa.<\/p>\n\n\n\n<p>A unidade de sa\u00fade explica que o chefe do Executivo buscou ajuda m\u00e9dica ap\u00f3s apresentar sintomas como febre alta, queda da satura\u00e7\u00e3o de oxig\u00eanio, sudorese e calafrios.<\/p>\n\n\n\n<p>Bolsonaro se encontra internado na Unidade de Terapia Intensiva (UTI) do hospital. O tratamento est\u00e1 sendo feito por meio de antibioticoterapia venosa e suporte cl\u00ednico n\u00e3o invasivo<\/p>\n\n\n\n<h6 class=\"wp-block-heading\">Thamirys Andrade &#8211;\u00a0Pleno.News 14\/03\/2026\u00a011h58<\/h6>\n<div class=\"jorna-rodape jorna-entity-placement\" id=\"jorna-2386475223\"><div id=\"jorna-646055241\"><a href=\"https:\/\/gkscontabilidade.com\/\" aria-label=\"GKS Contabilidade\"><img src=\"https:\/\/jornalvaleevangelico.com.br\/wp-content\/uploads\/2023\/05\/GKS-Contabilidade.jpeg\" alt=\"\"  srcset=\"https:\/\/jornalvaleevangelico.com.br\/wp-content\/uploads\/2023\/05\/GKS-Contabilidade.jpeg 1600w, https:\/\/jornalvaleevangelico.com.br\/wp-content\/uploads\/2023\/05\/GKS-Contabilidade-300x65.jpeg 300w, https:\/\/jornalvaleevangelico.com.br\/wp-content\/uploads\/2023\/05\/GKS-Contabilidade-1024x223.jpeg 1024w, https:\/\/jornalvaleevangelico.com.br\/wp-content\/uploads\/2023\/05\/GKS-Contabilidade-768x168.jpeg 768w, https:\/\/jornalvaleevangelico.com.br\/wp-content\/uploads\/2023\/05\/GKS-Contabilidade-1536x335.jpeg 1536w\" sizes=\"(max-width: 1600px) 100vw, 1600px\" width=\"1600\" height=\"349\"   \/><\/a><\/div><\/div>","protected":false},"excerpt":{"rendered":"<p>Ex-presidente est\u00e1 internado com broncopneumonia bacteriana bilateral Na manh\u00e3 deste s\u00e1bado (14), o senador Fl\u00e1vio&#8230;<\/p>\n","protected":false},"author":2,"featured_media":46350,"comment_status":"open","ping_status":"open","sticky":false,"template":"","format":"standard","meta":{"_mi_skip_tracking":false,"_monsterinsights_sitenote_active":false,"_monsterinsights_sitenote_note":"","_monsterinsights_sitenote_category":0,"footnotes":""},"categories":[2,10],"tags":[],"class_list":["post-46349","post","type-post","status-publish","format-standard","has-post-thumbnail","hentry","category-noticia","category-saude"],"_links":{"self":[{"href":"https:\/\/jornalvaleevangelico.com.br\/index.php\/wp-json\/wp\/v2\/posts\/46349","targetHints":{"allow":["GET"]}}],"collection":[{"href":"https:\/\/jornalvaleevangelico.com.br\/index.php\/wp-json\/wp\/v2\/posts"}],"about":[{"href":"https:\/\/jornalvaleevangelico.com.br\/index.php\/wp-json\/wp\/v2\/types\/post"}],"author":[{"embeddable":true,"href":"https:\/\/jornalvaleevangelico.com.br\/index.php\/wp-json\/wp\/v2\/users\/2"}],"replies":[{"embeddable":true,"href":"https:\/\/jornalvaleevangelico.com.br\/index.php\/wp-json\/wp\/v2\/comments?post=46349"}],"version-history":[{"count":1,"href":"https:\/\/jornalvaleevangelico.com.br\/index.php\/wp-json\/wp\/v2\/posts\/46349\/revisions"}],"predecessor-version":[{"id":46351,"href":"https:\/\/jornalvaleevangelico.com.br\/index.php\/wp-json\/wp\/v2\/posts\/46349\/revisions\/46351"}],"wp:featuredmedia":[{"embeddable":true,"href":"https:\/\/jornalvaleevangelico.com.br\/index.php\/wp-json\/wp\/v2\/media\/46350"}],"wp:attachment":[{"href":"https:\/\/jornalvaleevangelico.com.br\/index.php\/wp-json\/wp\/v2\/media?parent=46349"}],"wp:term":[{"taxonomy":"category","embeddable":true,"href":"https:\/\/jornalvaleevangelico.com.br\/index.php\/wp-json\/wp\/v2\/categories?post=46349"},{"taxonomy":"post_tag","embeddable":true,"href":"https:\/\/jornalvaleevangelico.com.br\/index.php\/wp-json\/wp\/v2\/tags?post=46349"}],"curies":[{"name":"wp","href":"https:\/\/api.w.org\/{rel}","templated":true}]}}