{"id":46352,"date":"2026-03-16T12:01:12","date_gmt":"2026-03-16T15:01:12","guid":{"rendered":"https:\/\/jornalvaleevangelico.com.br\/?p=46352"},"modified":"2026-03-16T12:04:28","modified_gmt":"2026-03-16T15:04:28","slug":"primeiro-filme-lancado-pela-cpad-ganha-remake","status":"publish","type":"post","link":"https:\/\/jornalvaleevangelico.com.br\/index.php\/2026\/03\/16\/primeiro-filme-lancado-pela-cpad-ganha-remake\/","title":{"rendered":"Primeiro filme lan\u00e7ado pela CPAD ganha remake"},"content":{"rendered":"\n<h2 class=\"wp-block-heading\">Estreia da produ\u00e7\u00e3o acontece no dia 21 de mar\u00e7o no canal Yaveh Filmes no YouTube<\/h2>\n\n\n\n<p>O primeiro filme produzido pelas Assembleias de Deus no Brasil, lan\u00e7ado h\u00e1 15 anos pela CPAD<em>, \u201cRen\u00fancia\u201d,<\/em>&nbsp;ganhar\u00e1 um remake e tem estreia marcada para o pr\u00f3ximo dia 21 de mar\u00e7o, \u00e0s 20h. A produ\u00e7\u00e3o&nbsp;<a href=\"https:\/\/filmerenuncia.propozzito.com\/\" target=\"_blank\" rel=\"noreferrer noopener\">\u201cRen\u00fancia \u2013 o pre\u00e7o da verdade\u201d<\/a>&nbsp;ser\u00e1 exibida ao vivo e de forma gratuita, no canal<em>&nbsp;Yaveh Filmes<\/em>&nbsp;no YouTube.<\/p>\n\n\n\n<p>Nesta releitura, a hist\u00f3ria j\u00e1 conhecida, \u00e9 apresentada para a nova gera\u00e7\u00e3o abordando novos dilemas. O&nbsp; enredo acompanha a hist\u00f3ria de Isa, uma jovem crist\u00e3 que entra na universidade cheia de sonhos e naquele ambiente encontra duas influ\u00eancias totalmente opostas: Marcelo, com posicionamento firme em sua f\u00e9, e Ricardo, que questiona os princ\u00edpios crist\u00e3os.<\/p>\n\n\n\n<p>Entre argumentos, sentimentos e press\u00f5es, Isa ter\u00e1 que escolher entre seguir sua f\u00e9 ou ceder \u00e0s tenta\u00e7\u00f5es do mundo. A mensagem est\u00e1 justamente baseada na dif\u00edcil decis\u00e3o de renunciar para servir a Deus.<\/p>\n\n\n\n<p>O longa \u00e9 escrito e dirigido pelo pastor Luaran Lins, com aux\u00edlio na dire\u00e7\u00e3o de Gild\u00e1sio Amorim e equipe da&nbsp;<em>Ntake Creative Media.<\/em>&nbsp;No elenco, est\u00e3o os atores: Giovanna Veiga, que atuou na s\u00e9rie \u201cO Senhor e a Serva\u201d, exibida pela Record TV, Kauan Ceglio, que esteve em produ\u00e7\u00f5es como \u201cA Vida de J\u00f3\u201d, Victor Ferreira, Kerol Zamp e Renata de Paula.<\/p>\n\n\n\n<p>\u201cProduzir&nbsp;<em>Ren\u00fancia<\/em>&nbsp;\u00e9, para mim, mais do que realizar um filme, \u00e9 cumprir um chamado. Como pastor de jovens, acompanho de perto os desafios que essa gera\u00e7\u00e3o enfrenta diariamente, especialmente diante de tantas ideologias e pensamentos que procuram confundir valores, relativizar a verdade e afastar os jovens dos princ\u00edpios crist\u00e3os\u201d, afirma o pastor e cineasta Luaran Lins, que j\u00e1 est\u00e1 em seu quinto filme.<\/p>\n\n\n\n<p>Para a equipe, o principal objetivo de&nbsp;<a href=\"https:\/\/filmerenuncia.propozzito.com\/\" target=\"_blank\" rel=\"noreferrer noopener\">\u201cRen\u00fancia \u2013 o pre\u00e7o da verdade\u201d<\/a>&nbsp;\u00e9 provocar reflex\u00e3o, despertar consci\u00eancia e fortalecer a f\u00e9 daqueles que desejam permanecer firmes em seus valores, mesmo em um ambiente de press\u00e3o cultural.<\/p>\n\n\n\n<p>\u201cAcredito que este filme ser\u00e1 um instrumento poderoso nas m\u00e3os de l\u00edderes de jovens, pastores e igrejas, ajudando a iniciar conversas importantes sobre f\u00e9, identidade, escolhas e compromisso com Deus. Espero que muitos jovens sejam impactados e encorajados a permanecer fi\u00e9is \u00e0 verdade, entendendo que seguir a Cristo, muitas vezes, exige ren\u00fancia \u2014 mas sempre vale a pena\u201d, declara Luaran.<\/p>\n\n\n\n<p><strong>Assista ao trailer oficial abaixo:<\/strong><\/p>\n\n\n\n<figure class=\"wp-block-embed is-type-video is-provider-youtube wp-block-embed-youtube wp-embed-aspect-9-16 wp-has-aspect-ratio\"><div class=\"wp-block-embed__wrapper\">\n<iframe title=\"REN\u00daNCIA - O PRE\u00c7O DA VERDADE - TRAILER DO FILME - LAN\u00c7AMENTO 21 DE MAR\u00c7O NO CANAL YAVEH FILMES\" width=\"540\" height=\"960\" src=\"https:\/\/www.youtube.com\/embed\/cc0MdX2yofU?start=58&#038;feature=oembed\" frameborder=\"0\" allow=\"accelerometer; autoplay; clipboard-write; encrypted-media; gyroscope; picture-in-picture; web-share\" referrerpolicy=\"strict-origin-when-cross-origin\" allowfullscreen><\/iframe>\n<\/div><\/figure>\n\n\n\n<h6 class=\"wp-block-heading\"><em>Por Daiene Cardoso<\/em>-13 de mar\u00e7o de 2026 <\/h6>\n\n\n\n<p><\/p>\n<div class=\"jorna-rodape jorna-entity-placement\" id=\"jorna-3026819553\"><div id=\"jorna-1608368707\"><a href=\"https:\/\/gkscontabilidade.com\/\" aria-label=\"GKS Contabilidade\"><img src=\"https:\/\/jornalvaleevangelico.com.br\/wp-content\/uploads\/2023\/05\/GKS-Contabilidade.jpeg\" alt=\"\"  srcset=\"https:\/\/jornalvaleevangelico.com.br\/wp-content\/uploads\/2023\/05\/GKS-Contabilidade.jpeg 1600w, https:\/\/jornalvaleevangelico.com.br\/wp-content\/uploads\/2023\/05\/GKS-Contabilidade-300x65.jpeg 300w, https:\/\/jornalvaleevangelico.com.br\/wp-content\/uploads\/2023\/05\/GKS-Contabilidade-1024x223.jpeg 1024w, https:\/\/jornalvaleevangelico.com.br\/wp-content\/uploads\/2023\/05\/GKS-Contabilidade-768x168.jpeg 768w, https:\/\/jornalvaleevangelico.com.br\/wp-content\/uploads\/2023\/05\/GKS-Contabilidade-1536x335.jpeg 1536w\" sizes=\"(max-width: 1600px) 100vw, 1600px\" width=\"1600\" height=\"349\"   \/><\/a><\/div><\/div>","protected":false},"excerpt":{"rendered":"<p>Estreia da produ\u00e7\u00e3o acontece no dia 21 de mar\u00e7o no canal Yaveh Filmes no YouTube&#8230;<\/p>\n","protected":false},"author":2,"featured_media":46354,"comment_status":"open","ping_status":"open","sticky":false,"template":"","format":"standard","meta":{"_mi_skip_tracking":false,"_monsterinsights_sitenote_active":false,"_monsterinsights_sitenote_note":"","_monsterinsights_sitenote_category":0,"footnotes":""},"categories":[15,2],"tags":[],"class_list":["post-46352","post","type-post","status-publish","format-standard","has-post-thumbnail","hentry","category-mundo-cristao","category-noticia"],"_links":{"self":[{"href":"https:\/\/jornalvaleevangelico.com.br\/index.php\/wp-json\/wp\/v2\/posts\/46352","targetHints":{"allow":["GET"]}}],"collection":[{"href":"https:\/\/jornalvaleevangelico.com.br\/index.php\/wp-json\/wp\/v2\/posts"}],"about":[{"href":"https:\/\/jornalvaleevangelico.com.br\/index.php\/wp-json\/wp\/v2\/types\/post"}],"author":[{"embeddable":true,"href":"https:\/\/jornalvaleevangelico.com.br\/index.php\/wp-json\/wp\/v2\/users\/2"}],"replies":[{"embeddable":true,"href":"https:\/\/jornalvaleevangelico.com.br\/index.php\/wp-json\/wp\/v2\/comments?post=46352"}],"version-history":[{"count":1,"href":"https:\/\/jornalvaleevangelico.com.br\/index.php\/wp-json\/wp\/v2\/posts\/46352\/revisions"}],"predecessor-version":[{"id":46355,"href":"https:\/\/jornalvaleevangelico.com.br\/index.php\/wp-json\/wp\/v2\/posts\/46352\/revisions\/46355"}],"wp:featuredmedia":[{"embeddable":true,"href":"https:\/\/jornalvaleevangelico.com.br\/index.php\/wp-json\/wp\/v2\/media\/46354"}],"wp:attachment":[{"href":"https:\/\/jornalvaleevangelico.com.br\/index.php\/wp-json\/wp\/v2\/media?parent=46352"}],"wp:term":[{"taxonomy":"category","embeddable":true,"href":"https:\/\/jornalvaleevangelico.com.br\/index.php\/wp-json\/wp\/v2\/categories?post=46352"},{"taxonomy":"post_tag","embeddable":true,"href":"https:\/\/jornalvaleevangelico.com.br\/index.php\/wp-json\/wp\/v2\/tags?post=46352"}],"curies":[{"name":"wp","href":"https:\/\/api.w.org\/{rel}","templated":true}]}}