{"id":46359,"date":"2026-03-16T14:05:04","date_gmt":"2026-03-16T17:05:04","guid":{"rendered":"https:\/\/jornalvaleevangelico.com.br\/?p=46359"},"modified":"2026-03-16T14:10:37","modified_gmt":"2026-03-16T17:10:37","slug":"469-anos-do-primeiro-culto-protestante-no-brasil","status":"publish","type":"post","link":"https:\/\/jornalvaleevangelico.com.br\/index.php\/2026\/03\/16\/469-anos-do-primeiro-culto-protestante-no-brasil\/","title":{"rendered":"469 anos do primeiro culto protestante no Brasil"},"content":{"rendered":"\n<h2 class=\"wp-block-heading\">Celebrada anualmente, a data integra o calend\u00e1rio nacional desde 2005<\/h2>\n\n\n\n<p>No dia 10 de mar\u00e7o de 1577, acontecia o primeiro culto protestante em solo brasileiro, numa pequena ilha do Rio de Janeiro, no interior da Ba\u00eda de Guanabara, conhecida atualmente como Ilha de Villegaignon.<\/p>\n\n\n\n<p>A celebra\u00e7\u00e3o foi conduzida pelos mission\u00e1rios franceses calvinistas, Pierre Richier e Guillaume Chartier, que haviam chegado \u00e0 col\u00f4nia conhecida como Fran\u00e7a Ant\u00e1rtica com o prop\u00f3sito de estabelecer uma comunidade crist\u00e3 reformada.<\/p>\n\n\n\n<p>Neste momento hist\u00f3rico, a Palavra ministrada no texto em Salmos 27.4: \u201c<em>Uma coisa pedi ao SENHOR e a buscarei: que possa morar na Casa do SENHOR todos os dias da minha vida, para contemplar a formosura do SENHOR e aprender no seu templo.<\/em>\u201d Os participantes tamb\u00e9m entoaram o Salmo 5.<\/p>\n\n\n\n<p>Historiadores consideram esse encontro como o primeiro culto protestante realizado n\u00e3o apenas no Brasil, mas em todo o continente americano. Apesar da experi\u00eancia protestante naquele per\u00edodo ter tido curta dura\u00e7\u00e3o, devido a conflitos pol\u00edticos e religiosos na col\u00f4nia francesa, o epis\u00f3dio ficou registrado como um marco simb\u00f3lico da chegada da f\u00e9 reformada ao pa\u00eds.<\/p>\n\n\n\n<p>O movimento evang\u00e9lico passou de fato a se estabelecer de forma mais consistente no Brasil, a partir do s\u00e9culo XIX, com a chegada de mission\u00e1rios estrangeiros e a organiza\u00e7\u00e3o de igrejas protestantes.<\/p>\n\n\n\n<p>Atualmente, segundo os<a href=\"https:\/\/www.cpadnews.com.br\/evangelicos-sao-mais-de-um-quarto-da-populacao-brasileira\/\" target=\"_blank\" rel=\"noreferrer noopener\">&nbsp;dados do Censo de 2022<\/a>, o pa\u00eds conta com mais de 47 milh\u00f5es de evang\u00e9licos, 26,9% da popula\u00e7\u00e3o. De acordo com a estimativa do&nbsp;<a href=\"https:\/\/www.cpadnews.com.br\/evangelicos-serao-358-da-populacao-do-brasil-em-2026\/\" target=\"_blank\" rel=\"noreferrer noopener\">estudo conduzido pela Mar Asset Management<\/a>, em 2026, 35,8% dos brasileiros ser\u00e1 composta por evang\u00e9licos. A pesquisa cita ainda, que cerca de 5 mil templos evang\u00e9licos s\u00e3o inaugurados anualmente e s\u00f3 em 2024, foram registrados um total de 140 mil templos em todo o Brasil.<\/p>\n\n\n\n<p><em>Reda\u00e7\u00e3o CPAD News\/ Com informa\u00e7\u00f5es Comunh\u00e3o, Mackenzie e Censo 2022<\/em><\/p>\n<div class=\"jorna-rodape jorna-entity-placement\" id=\"jorna-3563177322\"><div id=\"jorna-3538572945\"><a href=\"https:\/\/gkscontabilidade.com\/\" aria-label=\"GKS Contabilidade\"><img src=\"https:\/\/jornalvaleevangelico.com.br\/wp-content\/uploads\/2023\/05\/GKS-Contabilidade.jpeg\" alt=\"\"  srcset=\"https:\/\/jornalvaleevangelico.com.br\/wp-content\/uploads\/2023\/05\/GKS-Contabilidade.jpeg 1600w, https:\/\/jornalvaleevangelico.com.br\/wp-content\/uploads\/2023\/05\/GKS-Contabilidade-300x65.jpeg 300w, https:\/\/jornalvaleevangelico.com.br\/wp-content\/uploads\/2023\/05\/GKS-Contabilidade-1024x223.jpeg 1024w, https:\/\/jornalvaleevangelico.com.br\/wp-content\/uploads\/2023\/05\/GKS-Contabilidade-768x168.jpeg 768w, https:\/\/jornalvaleevangelico.com.br\/wp-content\/uploads\/2023\/05\/GKS-Contabilidade-1536x335.jpeg 1536w\" sizes=\"(max-width: 1600px) 100vw, 1600px\" width=\"1600\" height=\"349\"   \/><\/a><\/div><\/div>","protected":false},"excerpt":{"rendered":"<p>Celebrada anualmente, a data integra o calend\u00e1rio nacional desde 2005 No dia 10 de mar\u00e7o&#8230;<\/p>\n","protected":false},"author":2,"featured_media":46360,"comment_status":"open","ping_status":"open","sticky":false,"template":"","format":"standard","meta":{"_mi_skip_tracking":false,"_monsterinsights_sitenote_active":false,"_monsterinsights_sitenote_note":"","_monsterinsights_sitenote_category":0,"footnotes":""},"categories":[3,15],"tags":[],"class_list":["post-46359","post","type-post","status-publish","format-standard","has-post-thumbnail","hentry","category-artigo","category-mundo-cristao"],"_links":{"self":[{"href":"https:\/\/jornalvaleevangelico.com.br\/index.php\/wp-json\/wp\/v2\/posts\/46359","targetHints":{"allow":["GET"]}}],"collection":[{"href":"https:\/\/jornalvaleevangelico.com.br\/index.php\/wp-json\/wp\/v2\/posts"}],"about":[{"href":"https:\/\/jornalvaleevangelico.com.br\/index.php\/wp-json\/wp\/v2\/types\/post"}],"author":[{"embeddable":true,"href":"https:\/\/jornalvaleevangelico.com.br\/index.php\/wp-json\/wp\/v2\/users\/2"}],"replies":[{"embeddable":true,"href":"https:\/\/jornalvaleevangelico.com.br\/index.php\/wp-json\/wp\/v2\/comments?post=46359"}],"version-history":[{"count":1,"href":"https:\/\/jornalvaleevangelico.com.br\/index.php\/wp-json\/wp\/v2\/posts\/46359\/revisions"}],"predecessor-version":[{"id":46361,"href":"https:\/\/jornalvaleevangelico.com.br\/index.php\/wp-json\/wp\/v2\/posts\/46359\/revisions\/46361"}],"wp:featuredmedia":[{"embeddable":true,"href":"https:\/\/jornalvaleevangelico.com.br\/index.php\/wp-json\/wp\/v2\/media\/46360"}],"wp:attachment":[{"href":"https:\/\/jornalvaleevangelico.com.br\/index.php\/wp-json\/wp\/v2\/media?parent=46359"}],"wp:term":[{"taxonomy":"category","embeddable":true,"href":"https:\/\/jornalvaleevangelico.com.br\/index.php\/wp-json\/wp\/v2\/categories?post=46359"},{"taxonomy":"post_tag","embeddable":true,"href":"https:\/\/jornalvaleevangelico.com.br\/index.php\/wp-json\/wp\/v2\/tags?post=46359"}],"curies":[{"name":"wp","href":"https:\/\/api.w.org\/{rel}","templated":true}]}}