{"id":47100,"date":"2026-04-28T10:38:02","date_gmt":"2026-04-28T13:38:02","guid":{"rendered":"https:\/\/jornalvaleevangelico.com.br\/?p=47100"},"modified":"2026-04-28T10:40:49","modified_gmt":"2026-04-28T13:40:49","slug":"tu-avancas-nas-necessarias-aliancas","status":"publish","type":"post","link":"https:\/\/jornalvaleevangelico.com.br\/index.php\/2026\/04\/28\/tu-avancas-nas-necessarias-aliancas\/","title":{"rendered":"TU avan\u00e7as, nas necess\u00e1rias alian\u00e7as?"},"content":{"rendered":"\n<h2 class=\"wp-block-heading has-text-align-center\">Defendendo a nossa, mas n\u00e3o atacando as outras denomina\u00e7\u00f5es, e, quando preciso e poss\u00edvel, at\u00e9 as defender.<\/h2>\n\n\n\n<ul class=\"wp-block-list\">\n<li>* Aqui sintetizo o problema de sa\u00eddas das Igrejas, com\/o desfiles de \u00f3dios, e como \u00e9 hora de avan\u00e7armos numa alian\u00e7a entre os evang\u00e9licos ou de todos que mant\u00eam as doutrinas b\u00edblico-evang\u00e9licas b\u00e1sicas, e, ainda, como devemos orientar os que saem duma denomina\u00e7\u00e3o para outra, ou \u2013 o que \u00e9 pior! \u2013 os que ficam no meio do \u201ccaminho\u201d (nem, sempre, dO Caminho!!!).<\/li>\n<\/ul>\n\n\n\n<p>1 MUDANDO AS MUDAN\u00c7AS<\/p>\n\n\n\n<ul class=\"wp-block-list\">\n<li>N\u00f3s t\u00ednhamos nos acostumados a ver gente saindo do Romanismo para o Evangelismo, e, de denomina\u00e7\u00f5es cl\u00e1ssicas ou antigas para denomina\u00e7\u00f5es pentecostais ou renovadas (neste caso, uma igreja local inteira ou boa parte dela se tornava renovada!), mas, nos \u00faltimos anos, tenho visto estar mudando as mudan\u00e7as, e, para encurtar a conversa, muita gente abandonando denomina\u00e7\u00f5es evang\u00e9licas, destacadamente a Igreja Crist\u00e3 Maranata, e a f\u00e9!!!<\/li>\n<\/ul>\n\n\n\n<p>2 HERDANDO COM HERAN\u00c7AS<\/p>\n\n\n\n<ul class=\"wp-block-list\">\n<li>Ontem (23\/4\/2026), eu ouvi e vi a entrevista dum ex-sacerdote cat\u00f3lico romano, que disse que nunca crera em muitas cousas de sua ainda religi\u00e3o, incluso nas apari\u00e7\u00f5es de Maria, e, atualmente, \u00e9 um te\u00f3logo liberal declarado, e, hoje (24\/4), no meu celular, est\u00e3o aparecendo v\u00eddeos de muita gente que deixou a batina, o romanismo e o movimento pentecostal ou renovado romanista.<\/li>\n\n\n\n<li>E, ao meu ver, tanto o entrevistador como o entrevistado \u2013 herdando com heran\u00e7as! \u2013 supramencionados sa\u00edram do romanismo, mas \u2013 m\u00e1s!!! \u2013, o romanismo n\u00e3o saiu deles, para usar uma frase do \u201cex-padre\u201d e pastor batista, Anibal Pereira dos Reis, doutor em Direito Can\u00f4nico, quem muitos livros escreveu nos anos setenta do s\u00e9culo e do mil\u00eanio passados, que dizia de Martinho Lutero, que este saiu do catolicismo, mas, o catolicismo n\u00e3o saiu dele (tirante o radicalismo do Pr. Anibal, em algum sentido ele est\u00e1 certo! Eu n\u00e3o tenho nada contra meus irm\u00e3os luteranos, mormente da IELB \u2013 Igreja Evang\u00e9lica Luterana do Brasil \u2013, tendo tido muita comunh\u00e3o com um pastor dessa Denomina\u00e7\u00e3o, quando ele, um pastor da Igreja O Brasil Para Cristo e eu \u00e9ramos rela\u00e7\u00f5es p\u00fablicas de uma associa\u00e7\u00e3o de pastores, da qual eu me tornaria presidente duas vezes, em ambas sucedendo ao Pr. Edvaldo Fernandes Cardoso, da Igreja Batista do Calv\u00e1rio (da Conven\u00e7\u00e3o Nacional\u2026), que hoje estaria nonagen\u00e1rio(?), e sido sucedido pelo Pr. Salatiel Fidelis de Souza (19\/10\/1929-29\/7\/2020), pastor-presidente assembleiano!!!).<\/li>\n<\/ul>\n\n\n\n<p>3 ANDANDO ENTRE ANDAN\u00c7AS<\/p>\n\n\n\n<ul class=\"wp-block-list\">\n<li>O que eu tenho notado, da parte de algumas (n\u00e3o todas!\u2026 Eu conhe\u00e7o algumas gratas exce\u00e7\u00f5es, as quais n\u00e3o citarei agora!!!\u2026) pessoas que sa\u00edram da Igreja Maranata, \u00e9 um festival de \u00f3dios; eu, que me tornara oposi\u00e7\u00e3o \u00e0 lideran\u00e7a da Igreja Presbiteriana do Brasil, nos anos setenta e entrando nos oitenta do s\u00e9culo XX, antes, durante e ap\u00f3s meu per\u00edodo seminar\u00edstico, senti na pele o que o \u00f3dio, por menor(!!!) que seja, prejudica a ambos os lados, o de quem odeia, direta e destacamente, e do que \u00e9 odiado, indireta e em medida menor\u2026<\/li>\n\n\n\n<li>Mas, hoje, uma lucidez apareceu \u2013 o pr. Jos\u00e9 de ANCHIETA Fraga CARVALHO (que hoje se diz reformado e fundou uma denomina\u00e7\u00e3o com a designa\u00e7\u00e3o Reformada!) chegou a afirmar que, se hoje ele fosse sair da Maranata, ele n\u00e3o iria fundar, imediatamente, uma denomina\u00e7\u00e3o, como ele o fez, mas, que iria ficar um pouco no banco!!!<\/li>\n\n\n\n<li>Creio que devemos como evang\u00e9licos nos firmar nas doutrinas fundamentais crist\u00e3s-evang\u00e9licas, estando firmes em a nossa Denomina\u00e7\u00e3o, e, tamb\u00e9m, com (1) unidade espiritual, (2) uni\u00e3o institucional e (3) reuni\u00e3o operacional com irm\u00e3os de outras denomina\u00e7\u00f5es, defendendo a nossa, mas n\u00e3o atacando as outras denomina\u00e7\u00f5es, e, quando preciso e poss\u00edvel, at\u00e9 as defender.<\/li>\n\n\n\n<li>+ Sim, continuemos firmes em a nossa Denomina\u00e7\u00e3o, e tenhamos comunh\u00e3o com irm\u00e3os tamb\u00e9m de outras denomina\u00e7\u00f5es, e amparemos aos que sa\u00edrem da nossa Denomina\u00e7\u00e3o e doutras denomina\u00e7\u00f5es; e eu tive a alegria de me envolver em v\u00e1rios minist\u00e9rios indenominacionais \u2013 e, sobretudo, interdenominacionais! \u2013, tendo eu alcan\u00e7ado algumas lideran\u00e7as, mas, ultimamente, estou muito \u201cpreso\u201d (bela pris\u00e3o!!!) na igreja local\u2026 e quero voltar a estar\u2026 mais\u2026 andando entre andan\u00e7as.<\/li>\n<\/ul>\n\n\n\n<p>Quem defende que deve haver nisso abastan\u00e7a:<\/p>\n\n\n\n<ul class=\"wp-block-list\">\n<li>Celso de Medeiros Costa, um irm\u00e3o que defende a boa vizinhan\u00e7a.<\/li>\n<\/ul>\n<div class=\"jorna-rodape jorna-entity-placement\" id=\"jorna-1164375650\"><div id=\"jorna-4275576415\"><a href=\"https:\/\/gkscontabilidade.com\/\" aria-label=\"GKS Contabilidade\"><img src=\"https:\/\/jornalvaleevangelico.com.br\/wp-content\/uploads\/2023\/05\/GKS-Contabilidade.jpeg\" alt=\"\"  srcset=\"https:\/\/jornalvaleevangelico.com.br\/wp-content\/uploads\/2023\/05\/GKS-Contabilidade.jpeg 1600w, https:\/\/jornalvaleevangelico.com.br\/wp-content\/uploads\/2023\/05\/GKS-Contabilidade-300x65.jpeg 300w, https:\/\/jornalvaleevangelico.com.br\/wp-content\/uploads\/2023\/05\/GKS-Contabilidade-1024x223.jpeg 1024w, https:\/\/jornalvaleevangelico.com.br\/wp-content\/uploads\/2023\/05\/GKS-Contabilidade-768x168.jpeg 768w, https:\/\/jornalvaleevangelico.com.br\/wp-content\/uploads\/2023\/05\/GKS-Contabilidade-1536x335.jpeg 1536w\" sizes=\"(max-width: 1600px) 100vw, 1600px\" width=\"1600\" height=\"349\"   \/><\/a><\/div><\/div>","protected":false},"excerpt":{"rendered":"<p>Defendendo a nossa, mas n\u00e3o atacando as outras denomina\u00e7\u00f5es, e, quando preciso e poss\u00edvel, at\u00e9&#8230;<\/p>\n","protected":false},"author":2,"featured_media":24903,"comment_status":"open","ping_status":"open","sticky":false,"template":"","format":"standard","meta":{"_mi_skip_tracking":false,"_monsterinsights_sitenote_active":false,"_monsterinsights_sitenote_note":"","_monsterinsights_sitenote_category":0,"footnotes":""},"categories":[3,15],"tags":[],"class_list":["post-47100","post","type-post","status-publish","format-standard","has-post-thumbnail","hentry","category-artigo","category-mundo-cristao"],"_links":{"self":[{"href":"https:\/\/jornalvaleevangelico.com.br\/index.php\/wp-json\/wp\/v2\/posts\/47100","targetHints":{"allow":["GET"]}}],"collection":[{"href":"https:\/\/jornalvaleevangelico.com.br\/index.php\/wp-json\/wp\/v2\/posts"}],"about":[{"href":"https:\/\/jornalvaleevangelico.com.br\/index.php\/wp-json\/wp\/v2\/types\/post"}],"author":[{"embeddable":true,"href":"https:\/\/jornalvaleevangelico.com.br\/index.php\/wp-json\/wp\/v2\/users\/2"}],"replies":[{"embeddable":true,"href":"https:\/\/jornalvaleevangelico.com.br\/index.php\/wp-json\/wp\/v2\/comments?post=47100"}],"version-history":[{"count":1,"href":"https:\/\/jornalvaleevangelico.com.br\/index.php\/wp-json\/wp\/v2\/posts\/47100\/revisions"}],"predecessor-version":[{"id":47101,"href":"https:\/\/jornalvaleevangelico.com.br\/index.php\/wp-json\/wp\/v2\/posts\/47100\/revisions\/47101"}],"wp:featuredmedia":[{"embeddable":true,"href":"https:\/\/jornalvaleevangelico.com.br\/index.php\/wp-json\/wp\/v2\/media\/24903"}],"wp:attachment":[{"href":"https:\/\/jornalvaleevangelico.com.br\/index.php\/wp-json\/wp\/v2\/media?parent=47100"}],"wp:term":[{"taxonomy":"category","embeddable":true,"href":"https:\/\/jornalvaleevangelico.com.br\/index.php\/wp-json\/wp\/v2\/categories?post=47100"},{"taxonomy":"post_tag","embeddable":true,"href":"https:\/\/jornalvaleevangelico.com.br\/index.php\/wp-json\/wp\/v2\/tags?post=47100"}],"curies":[{"name":"wp","href":"https:\/\/api.w.org\/{rel}","templated":true}]}}