{"id":47102,"date":"2026-04-28T10:55:53","date_gmt":"2026-04-28T13:55:53","guid":{"rendered":"https:\/\/jornalvaleevangelico.com.br\/?p=47102"},"modified":"2026-04-28T10:55:54","modified_gmt":"2026-04-28T13:55:54","slug":"messias-tem-15-votos-declarados-a-favor-na-ccj-veja-quais-senadores","status":"publish","type":"post","link":"https:\/\/jornalvaleevangelico.com.br\/index.php\/2026\/04\/28\/messias-tem-15-votos-declarados-a-favor-na-ccj-veja-quais-senadores\/","title":{"rendered":"Messias tem 15 votos declarados a favor na CCJ; veja quais senadores"},"content":{"rendered":"\n<h2 class=\"wp-block-heading\">Sabatina est\u00e1 marcada para o dia 29 de abril<\/h2>\n\n\n\n<p>Com a sabatina marcada para esta quarta-feira (29) na Comiss\u00e3o de Constitui\u00e7\u00e3o e Justi\u00e7a (CCJ) do Senado, o advogado-geral da Uni\u00e3o, Jorge Messias, soma 15 votos favor\u00e1veis e 7 contr\u00e1rios at\u00e9 o momento. Messias \u00e9 o indicado do presidente Luiz In\u00e1cio Lula da Silva (PT) para ocupar a vaga deixada por Lu\u00eds Roberto Barroso no Supremo Tribunal Federal (STF).<\/p>\n\n\n\n<p>O m\u00ednimo necess\u00e1rio para que a indica\u00e7\u00e3o avance ao plen\u00e1rio do Senado \u00e9 de 14 votos. H\u00e1 duas semanas, os votos favor\u00e1veis ao AGU ainda somavam 13, um a menos.<\/p>\n\n\n\n<p>A mudan\u00e7a se deu pela entrada de Renan Filho (MDB-AL) na comiss\u00e3o no lugar de Sergio Moro (PL-PR) e tamb\u00e9m na troca de Cid Gomes (PSB-CE) por Ana Paula Lobato (PSB-MA), que \u00e9 favor\u00e1vel \u00e0 indica\u00e7\u00e3o.<\/p>\n\n\n\n<p>Mediante questionamento feito pelo Poder360, os outros 13 senadores que declararam voto a favor s\u00e3o:<\/p>\n\n\n\n<p>\u2013 Ciro Nogueira (PP-PI);<\/p>\n\n\n\n<p>\u2013 Eliziane Gama (PT-MA);<\/p>\n\n\n\n<p>\u2013 Fabiano Contarato (PT-ES);<\/p>\n\n\n\n<p>\u2013 Jader Barbalho (MDB-PA);<\/p>\n\n\n\n<p>\u2013 Renan Calheiros (MDB-AL);<\/p>\n\n\n\n<p>\u2013 Rog\u00e9rio Carvalho (PT-SE);<\/p>\n\n\n\n<p>\u2013 Soraya Thronicke (PSB-MS);<\/p>\n\n\n\n<p>\u2013 Veneziano Vital do R\u00eago (MDB-PB);<\/p>\n\n\n\n<p>\u2013 Weverton (PDT-MA);<\/p>\n\n\n\n<p>\u2013 Augusta Brito \u2013 (PT-CE).<\/p>\n\n\n\n<p>Quatro senadores ainda n\u00e3o declararam voto: Oriovisto Guimar\u00e3es (PSDB-PR), Professora Dorinha (Uni\u00e3o Brasil-TO), Rodrigo Pacheco (PSB-MG) e Vanderlan Cardoso (PSD-GO). O colegiado \u00e9 composto por 27 integrantes.<\/p>\n\n\n\n<h6 class=\"wp-block-heading\">Monique Mello &#8211;\u00a027\/04\/2026\u00a015h59 | atualizado em 27\/04\/2026 18h23 Pleno.News<\/h6>\n<div class=\"jorna-rodape jorna-entity-placement\" id=\"jorna-2227750848\"><div id=\"jorna-2720386813\"><a href=\"https:\/\/gkscontabilidade.com\/\" aria-label=\"GKS Contabilidade\"><img src=\"https:\/\/jornalvaleevangelico.com.br\/wp-content\/uploads\/2023\/05\/GKS-Contabilidade.jpeg\" alt=\"\"  srcset=\"https:\/\/jornalvaleevangelico.com.br\/wp-content\/uploads\/2023\/05\/GKS-Contabilidade.jpeg 1600w, https:\/\/jornalvaleevangelico.com.br\/wp-content\/uploads\/2023\/05\/GKS-Contabilidade-300x65.jpeg 300w, https:\/\/jornalvaleevangelico.com.br\/wp-content\/uploads\/2023\/05\/GKS-Contabilidade-1024x223.jpeg 1024w, https:\/\/jornalvaleevangelico.com.br\/wp-content\/uploads\/2023\/05\/GKS-Contabilidade-768x168.jpeg 768w, https:\/\/jornalvaleevangelico.com.br\/wp-content\/uploads\/2023\/05\/GKS-Contabilidade-1536x335.jpeg 1536w\" sizes=\"(max-width: 1600px) 100vw, 1600px\" width=\"1600\" height=\"349\"   \/><\/a><\/div><\/div>","protected":false},"excerpt":{"rendered":"<p>Sabatina est\u00e1 marcada para o dia 29 de abril Com a sabatina marcada para esta&#8230;<\/p>\n","protected":false},"author":2,"featured_media":47103,"comment_status":"open","ping_status":"open","sticky":false,"template":"","format":"standard","meta":{"_mi_skip_tracking":false,"_monsterinsights_sitenote_active":false,"_monsterinsights_sitenote_note":"","_monsterinsights_sitenote_category":0,"footnotes":""},"categories":[2,13],"tags":[],"class_list":["post-47102","post","type-post","status-publish","format-standard","has-post-thumbnail","hentry","category-noticia","category-politica"],"_links":{"self":[{"href":"https:\/\/jornalvaleevangelico.com.br\/index.php\/wp-json\/wp\/v2\/posts\/47102","targetHints":{"allow":["GET"]}}],"collection":[{"href":"https:\/\/jornalvaleevangelico.com.br\/index.php\/wp-json\/wp\/v2\/posts"}],"about":[{"href":"https:\/\/jornalvaleevangelico.com.br\/index.php\/wp-json\/wp\/v2\/types\/post"}],"author":[{"embeddable":true,"href":"https:\/\/jornalvaleevangelico.com.br\/index.php\/wp-json\/wp\/v2\/users\/2"}],"replies":[{"embeddable":true,"href":"https:\/\/jornalvaleevangelico.com.br\/index.php\/wp-json\/wp\/v2\/comments?post=47102"}],"version-history":[{"count":1,"href":"https:\/\/jornalvaleevangelico.com.br\/index.php\/wp-json\/wp\/v2\/posts\/47102\/revisions"}],"predecessor-version":[{"id":47104,"href":"https:\/\/jornalvaleevangelico.com.br\/index.php\/wp-json\/wp\/v2\/posts\/47102\/revisions\/47104"}],"wp:featuredmedia":[{"embeddable":true,"href":"https:\/\/jornalvaleevangelico.com.br\/index.php\/wp-json\/wp\/v2\/media\/47103"}],"wp:attachment":[{"href":"https:\/\/jornalvaleevangelico.com.br\/index.php\/wp-json\/wp\/v2\/media?parent=47102"}],"wp:term":[{"taxonomy":"category","embeddable":true,"href":"https:\/\/jornalvaleevangelico.com.br\/index.php\/wp-json\/wp\/v2\/categories?post=47102"},{"taxonomy":"post_tag","embeddable":true,"href":"https:\/\/jornalvaleevangelico.com.br\/index.php\/wp-json\/wp\/v2\/tags?post=47102"}],"curies":[{"name":"wp","href":"https:\/\/api.w.org\/{rel}","templated":true}]}}