{"id":47105,"date":"2026-04-28T12:03:05","date_gmt":"2026-04-28T15:03:05","guid":{"rendered":"https:\/\/jornalvaleevangelico.com.br\/?p=47105"},"modified":"2026-04-28T12:03:06","modified_gmt":"2026-04-28T15:03:06","slug":"pf-manda-cidadao-tirar-suposta-critica-a-lula-de-sacada-assista","status":"publish","type":"post","link":"https:\/\/jornalvaleevangelico.com.br\/index.php\/2026\/04\/28\/pf-manda-cidadao-tirar-suposta-critica-a-lula-de-sacada-assista\/","title":{"rendered":"PF manda cidad\u00e3o tirar suposta cr\u00edtica a Lula de sacada; assista"},"content":{"rendered":"\n<h2 class=\"wp-block-heading\">Abordagem aconteceu em Presidente Prudente (SP)<\/h2>\n\n\n\n<figure class=\"wp-block-image\"><img decoding=\"async\" src=\"https:\/\/static.cdn.pleno.news\/2023\/08\/afa1d7ba-45f4-431d-8b54-6754b3935014.jpeg\" alt=\"\" class=\"wp-image-1189915\"\/><figcaption class=\"wp-element-caption\">Agentes da PF abordam cidad\u00e3o por protesto em SP (imagem ilustrativa)&nbsp;Foto: Divulga\u00e7\u00e3o PF<\/figcaption><\/figure>\n\n\n\n<p>Agentes da Pol\u00edcia Federal abordaram um morador de Presidente Prudente, em&nbsp;<a href=\"http:\/\/pleno.news\/tag\/sao-paulo\" target=\"_blank\" rel=\"noreferrer noopener\">S\u00e3o Paulo<\/a>, nesta segunda-feira (27). O objetivo da a\u00e7\u00e3o foi solicitar a retirada de uma faixa com a palavra \u201cladr\u00e3o\u201d, em vermelho e branco, da sacada do apartamento dele. O presidente&nbsp;<a href=\"http:\/\/pleno.news\/tag\/lula\" target=\"_blank\" rel=\"noreferrer noopener\">Luiz In\u00e1cio Lula da Silva (PT)<\/a>&nbsp;passaria pelo local para chegar a um evento oficial.<\/p>\n\n\n\n<p>V\u00eddeos gravados durante a abordagem mostram os policiais afirmando que ordens superiores poderiam impor a remo\u00e7\u00e3o do material. A faixa em quest\u00e3o n\u00e3o citava o nome do presidente Lula diretamente. No mesmo condom\u00ednio, havia tamb\u00e9m outras manifesta\u00e7\u00f5es visuais com frases de apoio a\u00a0<a href=\"http:\/\/pleno.news\/tag\/flavio-bolsonaro\" target=\"_blank\" rel=\"noreferrer noopener\">Fl\u00e1vio Bolsonaro <\/a><\/p>\n\n\n\n<p>A agenda oficial na cidade contou com a presen\u00e7a do vice-presidente Geraldo Alckmin e de ministros de Estado. O grupo realizou inaugura\u00e7\u00f5es nas \u00e1reas de sa\u00fade e educa\u00e7\u00e3o no interior paulista. O presidente Lula n\u00e3o compareceu ao compromisso, pois est\u00e1 se recuperando de uma cirurgia para retirada de um c\u00e2ncer de pele.<\/p>\n\n\n\n<p><strong>POL\u00cdTICOS REAGIRAM AO ATO:<br><\/strong>O deputado federal Nikolas Ferreira (PL-MG) se manifestou contra a abordagem da PF e refor\u00e7ou que n\u00e3o havia nenhuma men\u00e7\u00e3o ao nome do atual presidente Lula na faixa em quest\u00e3o.<\/p>\n\n\n\n<p>\u2014 Na faixa n\u00e3o estava nem o nome do Lula\u2026 a carapu\u00e7a serviu? \u2014 questionou Nikolas.<\/p>\n\n\n\n<p>O vereador Rubinho Nunes (Uni\u00e3o) seguiu a mesma opini\u00e3o, questionando a certeza de que a cr\u00edtica era ao presidente, mesmo sem ter o seu nome escrito. J\u00e1 o vice-prefeito de S\u00e3o Paulo, Ricardo Mello Ara\u00fajo (PL) classificou o epis\u00f3dio como \u201cabsurdo\u201d.<\/p>\n\n\n\n<h6 class=\"wp-block-heading\">Kleber Piz\u00e3o &#8211;\u00a027\/04\/2026\u00a021h59 | atualizado em 28\/04\/2026 09h16-Pleno.News<\/h6>\n\n\n\n<p><\/p>\n<div class=\"jorna-rodape jorna-entity-placement\" id=\"jorna-3075176811\"><div id=\"jorna-3016715442\"><a href=\"https:\/\/gkscontabilidade.com\/\" aria-label=\"GKS Contabilidade\"><img src=\"https:\/\/jornalvaleevangelico.com.br\/wp-content\/uploads\/2023\/05\/GKS-Contabilidade.jpeg\" alt=\"\"  srcset=\"https:\/\/jornalvaleevangelico.com.br\/wp-content\/uploads\/2023\/05\/GKS-Contabilidade.jpeg 1600w, https:\/\/jornalvaleevangelico.com.br\/wp-content\/uploads\/2023\/05\/GKS-Contabilidade-300x65.jpeg 300w, https:\/\/jornalvaleevangelico.com.br\/wp-content\/uploads\/2023\/05\/GKS-Contabilidade-1024x223.jpeg 1024w, https:\/\/jornalvaleevangelico.com.br\/wp-content\/uploads\/2023\/05\/GKS-Contabilidade-768x168.jpeg 768w, https:\/\/jornalvaleevangelico.com.br\/wp-content\/uploads\/2023\/05\/GKS-Contabilidade-1536x335.jpeg 1536w\" sizes=\"(max-width: 1600px) 100vw, 1600px\" width=\"1600\" height=\"349\"   \/><\/a><\/div><\/div>","protected":false},"excerpt":{"rendered":"<p>Abordagem aconteceu em Presidente Prudente (SP) Agentes da Pol\u00edcia Federal abordaram um morador de Presidente&#8230;<\/p>\n","protected":false},"author":2,"featured_media":47106,"comment_status":"open","ping_status":"open","sticky":false,"template":"","format":"standard","meta":{"_mi_skip_tracking":false,"_monsterinsights_sitenote_active":false,"_monsterinsights_sitenote_note":"","_monsterinsights_sitenote_category":0,"footnotes":""},"categories":[1],"tags":[],"class_list":["post-47105","post","type-post","status-publish","format-standard","has-post-thumbnail","hentry","category-sem-categoria"],"_links":{"self":[{"href":"https:\/\/jornalvaleevangelico.com.br\/index.php\/wp-json\/wp\/v2\/posts\/47105","targetHints":{"allow":["GET"]}}],"collection":[{"href":"https:\/\/jornalvaleevangelico.com.br\/index.php\/wp-json\/wp\/v2\/posts"}],"about":[{"href":"https:\/\/jornalvaleevangelico.com.br\/index.php\/wp-json\/wp\/v2\/types\/post"}],"author":[{"embeddable":true,"href":"https:\/\/jornalvaleevangelico.com.br\/index.php\/wp-json\/wp\/v2\/users\/2"}],"replies":[{"embeddable":true,"href":"https:\/\/jornalvaleevangelico.com.br\/index.php\/wp-json\/wp\/v2\/comments?post=47105"}],"version-history":[{"count":1,"href":"https:\/\/jornalvaleevangelico.com.br\/index.php\/wp-json\/wp\/v2\/posts\/47105\/revisions"}],"predecessor-version":[{"id":47107,"href":"https:\/\/jornalvaleevangelico.com.br\/index.php\/wp-json\/wp\/v2\/posts\/47105\/revisions\/47107"}],"wp:featuredmedia":[{"embeddable":true,"href":"https:\/\/jornalvaleevangelico.com.br\/index.php\/wp-json\/wp\/v2\/media\/47106"}],"wp:attachment":[{"href":"https:\/\/jornalvaleevangelico.com.br\/index.php\/wp-json\/wp\/v2\/media?parent=47105"}],"wp:term":[{"taxonomy":"category","embeddable":true,"href":"https:\/\/jornalvaleevangelico.com.br\/index.php\/wp-json\/wp\/v2\/categories?post=47105"},{"taxonomy":"post_tag","embeddable":true,"href":"https:\/\/jornalvaleevangelico.com.br\/index.php\/wp-json\/wp\/v2\/tags?post=47105"}],"curies":[{"name":"wp","href":"https:\/\/api.w.org\/{rel}","templated":true}]}}