{"id":47112,"date":"2026-04-30T18:42:31","date_gmt":"2026-04-30T21:42:31","guid":{"rendered":"https:\/\/jornalvaleevangelico.com.br\/?p=47112"},"modified":"2026-04-30T18:42:31","modified_gmt":"2026-04-30T21:42:31","slug":"aliado-de-putin-diz-que-mundo-vive-periodo-pre-guerra-mundial","status":"publish","type":"post","link":"https:\/\/jornalvaleevangelico.com.br\/index.php\/2026\/04\/30\/aliado-de-putin-diz-que-mundo-vive-periodo-pre-guerra-mundial\/","title":{"rendered":"Aliado de Putin diz que mundo vive per\u00edodo pr\u00e9-guerra mundial"},"content":{"rendered":"\n<h2 class=\"wp-block-heading\">Medvedev afirmou que os europeus dizem diariamente que a guerra com a R\u00fassia \u00e9 inevit\u00e1vel<\/h2>\n\n\n\n<p>Nesta quinta-feira (30), o vice-presidente do Conselho de Seguran\u00e7a da R\u00fassia, Dmitry Medvedev, afirmou que o mundo est\u00e1 vivendo um per\u00edodo pr\u00e9-guerra mundial. O aliado do presidente Vladimir Putin disse ainda que um \u201capocalipse nuclear\u201d \u00e9 \u201cuma possibilidade real\u201d, e comparou a atual situa\u00e7\u00e3o internacional do mundo aos per\u00edodos anteriores da Primeira e Segunda Guerras Mundiais. Dmitry tamb\u00e9m acusou a Europa de estar se rearmando.<\/p>\n\n\n\n<p>Durante evento em Moscou, Medvedev lembrou e comparou com o real momento \u201ca militariza\u00e7\u00e3o ativa, da economia e na produ\u00e7\u00e3o de equipamentos\u201d na Europa. Segundo ele, os europeus dizem diariamente que a guerra com a R\u00fassia \u00e9 inevit\u00e1vel.<\/p>\n\n\n\n<p>\u201cSe dissermos todos os dias que a guerra \u00e9 inevit\u00e1vel, ela come\u00e7ar\u00e1. Pode haver in\u00fameras raz\u00f5es e causas. (\u2026) Uma enorme quantidade de armas est\u00e1 sendo produzida, o ciclo est\u00e1 em andamento\u201d, afirmou.<\/p>\n\n\n\n<p>Medvedev disse que a R\u00fassia n\u00e3o tem \u201cinten\u00e7\u00f5es agressivas\u201d contra a Europa e que Moscou \u201cfoi for\u00e7ada\u201d a iniciar a guerra na Ucr\u00e2nia, por\u00e9m que esse conflito teria justificativa plaus\u00edvel.<\/p>\n\n\n\n<p>Lideran\u00e7as europeias escalaram a ret\u00f3rica b\u00e9lica contra a R\u00fassia e ordenaram um amplo rearmamento do continente diante da amea\u00e7a russa. Apesar das alega\u00e7\u00f5es russas, relat\u00f3rios de intelig\u00eancia produzidos por alguns pa\u00edses daquele continente afirmam que a R\u00fassia poderia estar pronta para expandir a guerra da Ucr\u00e2nia para outro pa\u00eds at\u00e9 2030.<\/p>\n\n\n\n<p><em>Reda\u00e7\u00e3o: CPAD News \/ Com informa\u00e7\u00f5es G1<\/em><\/p>\n<div class=\"jorna-rodape jorna-entity-placement\" id=\"jorna-3447330384\"><div id=\"jorna-3573640903\"><a href=\"https:\/\/gkscontabilidade.com\/\" aria-label=\"GKS Contabilidade\"><img src=\"https:\/\/jornalvaleevangelico.com.br\/wp-content\/uploads\/2023\/05\/GKS-Contabilidade.jpeg\" alt=\"\"  srcset=\"https:\/\/jornalvaleevangelico.com.br\/wp-content\/uploads\/2023\/05\/GKS-Contabilidade.jpeg 1600w, https:\/\/jornalvaleevangelico.com.br\/wp-content\/uploads\/2023\/05\/GKS-Contabilidade-300x65.jpeg 300w, https:\/\/jornalvaleevangelico.com.br\/wp-content\/uploads\/2023\/05\/GKS-Contabilidade-1024x223.jpeg 1024w, https:\/\/jornalvaleevangelico.com.br\/wp-content\/uploads\/2023\/05\/GKS-Contabilidade-768x168.jpeg 768w, https:\/\/jornalvaleevangelico.com.br\/wp-content\/uploads\/2023\/05\/GKS-Contabilidade-1536x335.jpeg 1536w\" sizes=\"(max-width: 1600px) 100vw, 1600px\" width=\"1600\" height=\"349\"   \/><\/a><\/div><\/div>","protected":false},"excerpt":{"rendered":"<p>Medvedev afirmou que os europeus dizem diariamente que a guerra com a R\u00fassia \u00e9 inevit\u00e1vel&#8230;<\/p>\n","protected":false},"author":2,"featured_media":47113,"comment_status":"open","ping_status":"open","sticky":false,"template":"","format":"standard","meta":{"_mi_skip_tracking":false,"_monsterinsights_sitenote_active":false,"_monsterinsights_sitenote_note":"","_monsterinsights_sitenote_category":0,"footnotes":""},"categories":[8,2],"tags":[],"class_list":["post-47112","post","type-post","status-publish","format-standard","has-post-thumbnail","hentry","category-internacional","category-noticia"],"_links":{"self":[{"href":"https:\/\/jornalvaleevangelico.com.br\/index.php\/wp-json\/wp\/v2\/posts\/47112","targetHints":{"allow":["GET"]}}],"collection":[{"href":"https:\/\/jornalvaleevangelico.com.br\/index.php\/wp-json\/wp\/v2\/posts"}],"about":[{"href":"https:\/\/jornalvaleevangelico.com.br\/index.php\/wp-json\/wp\/v2\/types\/post"}],"author":[{"embeddable":true,"href":"https:\/\/jornalvaleevangelico.com.br\/index.php\/wp-json\/wp\/v2\/users\/2"}],"replies":[{"embeddable":true,"href":"https:\/\/jornalvaleevangelico.com.br\/index.php\/wp-json\/wp\/v2\/comments?post=47112"}],"version-history":[{"count":1,"href":"https:\/\/jornalvaleevangelico.com.br\/index.php\/wp-json\/wp\/v2\/posts\/47112\/revisions"}],"predecessor-version":[{"id":47114,"href":"https:\/\/jornalvaleevangelico.com.br\/index.php\/wp-json\/wp\/v2\/posts\/47112\/revisions\/47114"}],"wp:featuredmedia":[{"embeddable":true,"href":"https:\/\/jornalvaleevangelico.com.br\/index.php\/wp-json\/wp\/v2\/media\/47113"}],"wp:attachment":[{"href":"https:\/\/jornalvaleevangelico.com.br\/index.php\/wp-json\/wp\/v2\/media?parent=47112"}],"wp:term":[{"taxonomy":"category","embeddable":true,"href":"https:\/\/jornalvaleevangelico.com.br\/index.php\/wp-json\/wp\/v2\/categories?post=47112"},{"taxonomy":"post_tag","embeddable":true,"href":"https:\/\/jornalvaleevangelico.com.br\/index.php\/wp-json\/wp\/v2\/tags?post=47112"}],"curies":[{"name":"wp","href":"https:\/\/api.w.org\/{rel}","templated":true}]}}