{"id":47115,"date":"2026-04-30T18:45:13","date_gmt":"2026-04-30T21:45:13","guid":{"rendered":"https:\/\/jornalvaleevangelico.com.br\/?p=47115"},"modified":"2026-04-30T18:56:12","modified_gmt":"2026-04-30T21:56:12","slug":"eleicoes-2026-titulo-de-eleitor-deve-ser-regularizado-ate-quarta-feira-6","status":"publish","type":"post","link":"https:\/\/jornalvaleevangelico.com.br\/index.php\/2026\/04\/30\/eleicoes-2026-titulo-de-eleitor-deve-ser-regularizado-ate-quarta-feira-6\/","title":{"rendered":"Elei\u00e7\u00f5es 2026: t\u00edtulo de eleitor deve ser regularizado at\u00e9 quarta-feira (6)"},"content":{"rendered":"\n<h2 class=\"wp-block-heading\">O primeiro turno est\u00e1 marcado para 4 de outubro<\/h2>\n\n\n\n<p>Brasileiros que est\u00e3o com pend\u00eancias na Justi\u00e7a Eleitoral ter\u00e3o at\u00e9 a pr\u00f3xima quarta-feira (6) para regularizarem os t\u00edtulos, para poderem votar na pr\u00f3xima Elei\u00e7\u00e3o em outubro. Essa data tamb\u00e9m ser\u00e1 o prazo para servi\u00e7os como emiss\u00e3o do documento eleitoral, cadastro de biometria e transfer\u00eancia de domic\u00edlio, de acordo com o calend\u00e1rio do Tribunal Superior Eleitoral (TSE).<\/p>\n\n\n\n<p>Os servi\u00e7os podem ser realizados atrav\u00e9s da plataforma \u201cAutoatendimento eleitoral\u201d, no site do TSE, ou presencialmente em cart\u00f3rios eleitorais e postos de atendimento da Justi\u00e7a Eleitoral. Os eleitores que realizarem o processo atrav\u00e9s do sistema on-line tamb\u00e9m precisar\u00e3o ir pessoalmente a um posto para a coleta da biometria. No site do Tribunal Regional Eleitoral (TRE) do seu estado poder\u00e1 ser consultada a situa\u00e7\u00e3o do t\u00edtulo, hor\u00e1rios e endere\u00e7os para atendimento.<\/p>\n\n\n\n<p>O voto \u00e9 obrigat\u00f3rio para quem tem entre 18 e 70 anos. Jovens a partir dos 15 anos j\u00e1 podem tirar seu t\u00edtulo de eleitor, embora s\u00f3 poder\u00e3o votar aqueles que tiverem completado 16 anos at\u00e9 a data da elei\u00e7\u00e3o. O primeiro turno est\u00e1 marcado para 4 de outubro.<\/p>\n\n\n\n<p><em>Reda\u00e7\u00e3o CPAD News \/ Com informa\u00e7\u00f5es CNN Brasil<\/em><\/p>\n<div class=\"jorna-rodape jorna-entity-placement\" id=\"jorna-2384337600\"><div id=\"jorna-1500484393\"><a href=\"https:\/\/gkscontabilidade.com\/\" aria-label=\"GKS Contabilidade\"><img src=\"https:\/\/jornalvaleevangelico.com.br\/wp-content\/uploads\/2023\/05\/GKS-Contabilidade.jpeg\" alt=\"\"  srcset=\"https:\/\/jornalvaleevangelico.com.br\/wp-content\/uploads\/2023\/05\/GKS-Contabilidade.jpeg 1600w, https:\/\/jornalvaleevangelico.com.br\/wp-content\/uploads\/2023\/05\/GKS-Contabilidade-300x65.jpeg 300w, https:\/\/jornalvaleevangelico.com.br\/wp-content\/uploads\/2023\/05\/GKS-Contabilidade-1024x223.jpeg 1024w, https:\/\/jornalvaleevangelico.com.br\/wp-content\/uploads\/2023\/05\/GKS-Contabilidade-768x168.jpeg 768w, https:\/\/jornalvaleevangelico.com.br\/wp-content\/uploads\/2023\/05\/GKS-Contabilidade-1536x335.jpeg 1536w\" sizes=\"(max-width: 1600px) 100vw, 1600px\" width=\"1600\" height=\"349\"   \/><\/a><\/div><\/div>","protected":false},"excerpt":{"rendered":"<p>O primeiro turno est\u00e1 marcado para 4 de outubro Brasileiros que est\u00e3o com pend\u00eancias na&#8230;<\/p>\n","protected":false},"author":2,"featured_media":47116,"comment_status":"open","ping_status":"open","sticky":false,"template":"","format":"standard","meta":{"_mi_skip_tracking":false,"_monsterinsights_sitenote_active":false,"_monsterinsights_sitenote_note":"","_monsterinsights_sitenote_category":0,"footnotes":""},"categories":[2,13],"tags":[],"class_list":["post-47115","post","type-post","status-publish","format-standard","has-post-thumbnail","hentry","category-noticia","category-politica"],"_links":{"self":[{"href":"https:\/\/jornalvaleevangelico.com.br\/index.php\/wp-json\/wp\/v2\/posts\/47115","targetHints":{"allow":["GET"]}}],"collection":[{"href":"https:\/\/jornalvaleevangelico.com.br\/index.php\/wp-json\/wp\/v2\/posts"}],"about":[{"href":"https:\/\/jornalvaleevangelico.com.br\/index.php\/wp-json\/wp\/v2\/types\/post"}],"author":[{"embeddable":true,"href":"https:\/\/jornalvaleevangelico.com.br\/index.php\/wp-json\/wp\/v2\/users\/2"}],"replies":[{"embeddable":true,"href":"https:\/\/jornalvaleevangelico.com.br\/index.php\/wp-json\/wp\/v2\/comments?post=47115"}],"version-history":[{"count":1,"href":"https:\/\/jornalvaleevangelico.com.br\/index.php\/wp-json\/wp\/v2\/posts\/47115\/revisions"}],"predecessor-version":[{"id":47117,"href":"https:\/\/jornalvaleevangelico.com.br\/index.php\/wp-json\/wp\/v2\/posts\/47115\/revisions\/47117"}],"wp:featuredmedia":[{"embeddable":true,"href":"https:\/\/jornalvaleevangelico.com.br\/index.php\/wp-json\/wp\/v2\/media\/47116"}],"wp:attachment":[{"href":"https:\/\/jornalvaleevangelico.com.br\/index.php\/wp-json\/wp\/v2\/media?parent=47115"}],"wp:term":[{"taxonomy":"category","embeddable":true,"href":"https:\/\/jornalvaleevangelico.com.br\/index.php\/wp-json\/wp\/v2\/categories?post=47115"},{"taxonomy":"post_tag","embeddable":true,"href":"https:\/\/jornalvaleevangelico.com.br\/index.php\/wp-json\/wp\/v2\/tags?post=47115"}],"curies":[{"name":"wp","href":"https:\/\/api.w.org\/{rel}","templated":true}]}}