{"id":47118,"date":"2026-04-30T19:02:02","date_gmt":"2026-04-30T22:02:02","guid":{"rendered":"https:\/\/jornalvaleevangelico.com.br\/?p=47118"},"modified":"2026-04-30T19:02:03","modified_gmt":"2026-04-30T22:02:03","slug":"rejeicao-de-jorge-messias-ao-stf-impoe-derrota-historica-a-lula-e-evidencia-forca-de-alcolumbre-no-senado","status":"publish","type":"post","link":"https:\/\/jornalvaleevangelico.com.br\/index.php\/2026\/04\/30\/rejeicao-de-jorge-messias-ao-stf-impoe-derrota-historica-a-lula-e-evidencia-forca-de-alcolumbre-no-senado\/","title":{"rendered":"Rejei\u00e7\u00e3o de Jorge Messias ao STF imp\u00f5e derrota hist\u00f3rica a Lula e evidencia for\u00e7a de Alcolumbre no Senado"},"content":{"rendered":"\n<h2 class=\"wp-block-heading\"><em>Vota\u00e7\u00e3o in\u00e9dita exp\u00f5e fragilidade do governo no Congresso e redefine peso pol\u00edtico das indica\u00e7\u00f5es ao Supremo<\/em><\/h2>\n\n\n\n<p>A rejei\u00e7\u00e3o do advogado-geral da Uni\u00e3o, Jorge Messias, para uma vaga no Supremo Tribunal Federal marcou uma derrota hist\u00f3rica para o governo do presidente Luiz In\u00e1cio Lula da Silva e evidenciou o fortalecimento pol\u00edtico do presidente do Senado, Davi Alcolumbre, na condu\u00e7\u00e3o das decis\u00f5es da Casa.<\/p>\n\n\n\n<p>Em vota\u00e7\u00e3o secreta realizada na noite de quarta-feira (29), o plen\u00e1rio do Senado Federal rejeitou a indica\u00e7\u00e3o por 42 votos contr\u00e1rios e 34 favor\u00e1veis \u2014 n\u00famero insuficiente para atingir os 41 votos necess\u00e1rios para aprova\u00e7\u00e3o. Trata-se da primeira vez, em mais de 130 anos, que um indicado ao STF \u00e9 barrado pelos senadores .<\/p>\n\n\n\n<h2 class=\"wp-block-heading\">Derrota pol\u00edtica e novo cen\u00e1rio institucional<\/h2>\n\n\n\n<p>A decis\u00e3o representa um rev\u00e9s significativo para o Pal\u00e1cio do Planalto, que havia mobilizado esfor\u00e7os para garantir a aprova\u00e7\u00e3o do nome de Messias. Analistas apontam que o resultado escancara dificuldades na articula\u00e7\u00e3o pol\u00edtica do governo junto ao Senado e refor\u00e7a o protagonismo de Alcolumbre.<\/p>\n\n\n\n<p>Segundo avalia\u00e7\u00f5es de cientistas pol\u00edticos, o epis\u00f3dio rompe com a tradi\u00e7\u00e3o de aprova\u00e7\u00e3o autom\u00e1tica de indica\u00e7\u00f5es presidenciais ao Supremo, sinalizando uma mudan\u00e7a no equil\u00edbrio entre os Poderes. A partir de agora, nomes indicados ao STF tendem a enfrentar maior escrut\u00ednio pol\u00edtico e institucional.<\/p>\n\n\n\n<h2 class=\"wp-block-heading\">Crescente poder no Senado<\/h2>\n\n\n\n<p>Nos bastidores, a atua\u00e7\u00e3o de Davi Alcolumbre foi considerada decisiva. O presidente do Senado j\u00e1 havia demonstrado insatisfa\u00e7\u00e3o com a condu\u00e7\u00e3o da indica\u00e7\u00e3o e defendia outro nome para a vaga deixada pelo ministro aposentado Lu\u00eds Roberto Barroso .<\/p>\n\n\n\n<p>A rejei\u00e7\u00e3o consolidou Alcolumbre como uma das principais for\u00e7as pol\u00edticas do Congresso Nacional, ampliando sua influ\u00eancia sobre a agenda institucional e sobre decis\u00f5es estrat\u00e9gicas envolvendo o Judici\u00e1rio.<\/p>\n\n\n\n<h2 class=\"wp-block-heading\">Embate pol\u00edtico e desgaste entre Poderes<\/h2>\n\n\n\n<p>Especialistas tamb\u00e9m avaliam que a rejei\u00e7\u00e3o teve motiva\u00e7\u00e3o predominantemente pol\u00edtica, e n\u00e3o t\u00e9cnica. Durante a sabatina na Comiss\u00e3o de Constitui\u00e7\u00e3o e Justi\u00e7a (CCJ), Messias foi considerado apto para o cargo, tendo seu nome aprovado por 16 votos a 11 antes de seguir ao plen\u00e1rio .<\/p>\n\n\n\n<p>O longo intervalo entre a indica\u00e7\u00e3o e a vota\u00e7\u00e3o \u2014 cerca de cinco meses \u2014 contribuiu para o ac\u00famulo de tens\u00f5es entre o Executivo e o Senado. Esse per\u00edodo foi marcado por disputas sobre o timing da an\u00e1lise e por sinaliza\u00e7\u00f5es de for\u00e7a pol\u00edtica dentro da Casa.<\/p>\n\n\n\n<h2 class=\"wp-block-heading\">Impactos para o futuro<\/h2>\n\n\n\n<p>A rejei\u00e7\u00e3o ocorre em um cen\u00e1rio de polariza\u00e7\u00e3o pol\u00edtica e proximidade do ciclo eleitoral de 2026, o que, segundo analistas, tende a aumentar o peso pol\u00edtico de decis\u00f5es desse tipo. Parlamentares passaram a utilizar vota\u00e7\u00f5es relevantes como forma de sinalizar posicionamentos ao eleitorado.<\/p>\n\n\n\n<p>Com o resultado, o governo federal dever\u00e1 indicar um novo nome para o STF, agora sob um ambiente mais rigoroso e politicamente sens\u00edvel. A derrota tamb\u00e9m refor\u00e7a os desafios do Executivo para construir maioria no Congresso e aprovar pautas estrat\u00e9gicas.<\/p>\n\n\n\n<p>O epis\u00f3dio, considerado hist\u00f3rico, redefine a rela\u00e7\u00e3o entre Executivo e Legislativo nas indica\u00e7\u00f5es ao Supremo e inaugura uma fase de maior tens\u00e3o e negocia\u00e7\u00e3o no processo de escolha de ministros da mais alta Corte do pa\u00eds.<\/p>\n<div class=\"jorna-rodape jorna-entity-placement\" id=\"jorna-2214487343\"><div id=\"jorna-626429953\"><a href=\"https:\/\/gkscontabilidade.com\/\" aria-label=\"GKS Contabilidade\"><img src=\"https:\/\/jornalvaleevangelico.com.br\/wp-content\/uploads\/2023\/05\/GKS-Contabilidade.jpeg\" alt=\"\"  srcset=\"https:\/\/jornalvaleevangelico.com.br\/wp-content\/uploads\/2023\/05\/GKS-Contabilidade.jpeg 1600w, https:\/\/jornalvaleevangelico.com.br\/wp-content\/uploads\/2023\/05\/GKS-Contabilidade-300x65.jpeg 300w, https:\/\/jornalvaleevangelico.com.br\/wp-content\/uploads\/2023\/05\/GKS-Contabilidade-1024x223.jpeg 1024w, https:\/\/jornalvaleevangelico.com.br\/wp-content\/uploads\/2023\/05\/GKS-Contabilidade-768x168.jpeg 768w, https:\/\/jornalvaleevangelico.com.br\/wp-content\/uploads\/2023\/05\/GKS-Contabilidade-1536x335.jpeg 1536w\" sizes=\"(max-width: 1600px) 100vw, 1600px\" width=\"1600\" height=\"349\"   \/><\/a><\/div><\/div>","protected":false},"excerpt":{"rendered":"<p>Vota\u00e7\u00e3o in\u00e9dita exp\u00f5e fragilidade do governo no Congresso e redefine peso pol\u00edtico das indica\u00e7\u00f5es ao&#8230;<\/p>\n","protected":false},"author":2,"featured_media":47119,"comment_status":"open","ping_status":"open","sticky":false,"template":"","format":"standard","meta":{"_mi_skip_tracking":false,"_monsterinsights_sitenote_active":false,"_monsterinsights_sitenote_note":"","_monsterinsights_sitenote_category":0,"footnotes":""},"categories":[1],"tags":[],"class_list":["post-47118","post","type-post","status-publish","format-standard","has-post-thumbnail","hentry","category-sem-categoria"],"_links":{"self":[{"href":"https:\/\/jornalvaleevangelico.com.br\/index.php\/wp-json\/wp\/v2\/posts\/47118","targetHints":{"allow":["GET"]}}],"collection":[{"href":"https:\/\/jornalvaleevangelico.com.br\/index.php\/wp-json\/wp\/v2\/posts"}],"about":[{"href":"https:\/\/jornalvaleevangelico.com.br\/index.php\/wp-json\/wp\/v2\/types\/post"}],"author":[{"embeddable":true,"href":"https:\/\/jornalvaleevangelico.com.br\/index.php\/wp-json\/wp\/v2\/users\/2"}],"replies":[{"embeddable":true,"href":"https:\/\/jornalvaleevangelico.com.br\/index.php\/wp-json\/wp\/v2\/comments?post=47118"}],"version-history":[{"count":1,"href":"https:\/\/jornalvaleevangelico.com.br\/index.php\/wp-json\/wp\/v2\/posts\/47118\/revisions"}],"predecessor-version":[{"id":47120,"href":"https:\/\/jornalvaleevangelico.com.br\/index.php\/wp-json\/wp\/v2\/posts\/47118\/revisions\/47120"}],"wp:featuredmedia":[{"embeddable":true,"href":"https:\/\/jornalvaleevangelico.com.br\/index.php\/wp-json\/wp\/v2\/media\/47119"}],"wp:attachment":[{"href":"https:\/\/jornalvaleevangelico.com.br\/index.php\/wp-json\/wp\/v2\/media?parent=47118"}],"wp:term":[{"taxonomy":"category","embeddable":true,"href":"https:\/\/jornalvaleevangelico.com.br\/index.php\/wp-json\/wp\/v2\/categories?post=47118"},{"taxonomy":"post_tag","embeddable":true,"href":"https:\/\/jornalvaleevangelico.com.br\/index.php\/wp-json\/wp\/v2\/tags?post=47118"}],"curies":[{"name":"wp","href":"https:\/\/api.w.org\/{rel}","templated":true}]}}