{"id":47121,"date":"2026-04-30T19:13:54","date_gmt":"2026-04-30T22:13:54","guid":{"rendered":"https:\/\/jornalvaleevangelico.com.br\/?p=47121"},"modified":"2026-04-30T19:13:55","modified_gmt":"2026-04-30T22:13:55","slug":"congresso-derruba-vetos-de-lula-e-aprova-reducao-de-penas-para-condenados-do-8-de-janeiro","status":"publish","type":"post","link":"https:\/\/jornalvaleevangelico.com.br\/index.php\/2026\/04\/30\/congresso-derruba-vetos-de-lula-e-aprova-reducao-de-penas-para-condenados-do-8-de-janeiro\/","title":{"rendered":"Congresso derruba vetos de Lula e aprova redu\u00e7\u00e3o de penas para condenados do 8 de Janeiro"},"content":{"rendered":"\n<h2 class=\"wp-block-heading\"><strong>Decis\u00e3o liderada por Davi Alcolumbre representa rev\u00e9s ao Planalto e amplia divis\u00e3o pol\u00edtica sobre responsabiliza\u00e7\u00e3o pelos atos antidemocr\u00e1ticos<\/strong><\/h2>\n\n\n\n<p>O Congresso Nacional imp\u00f4s, nesta quinta-feira (30), uma nova derrota ao governo do presidente Luiz In\u00e1cio Lula da Silva (PT) ao derrubar vetos presidenciais a trechos do projeto de dosimetria de penas relacionados aos atos de 8 de janeiro de 2023. A medida abre caminho para a redu\u00e7\u00e3o de puni\u00e7\u00f5es aplicadas a condenados pelos ataques \u00e0s sedes dos Tr\u00eas Poderes e tamb\u00e9m a investigados por envolvimento em articula\u00e7\u00f5es golpistas durante o governo do ex-presidente Jair Bolsonaro.<\/p>\n\n\n\n<p>A sess\u00e3o foi conduzida pelo presidente do Senado, Davi Alcolumbre (Uni\u00e3o-AP), que adotou a estrat\u00e9gia de fatiar a an\u00e1lise dos vetos. Com isso, foi poss\u00edvel garantir a aprova\u00e7\u00e3o de dispositivos que tratam da redu\u00e7\u00e3o de penas sem alterar pontos mais sens\u00edveis da legisla\u00e7\u00e3o, como a Lei Antifac\u00e7\u00e3o.<\/p>\n\n\n\n<p>A derrubada do veto ocorreu com ampla margem na C\u00e2mara dos Deputados, onde 318 parlamentares votaram a favor e 144 contra. No Senado Federal do Brasil, o placar foi de 49 votos pela rejei\u00e7\u00e3o do veto contra 24 favor\u00e1veis \u00e0 manuten\u00e7\u00e3o da decis\u00e3o presidencial.<\/p>\n\n\n\n<p>O resultado foi comemorado por parlamentares da oposi\u00e7\u00e3o e contou com ades\u00e3o significativa de partidos de centro, contrariando a orienta\u00e7\u00e3o do Pal\u00e1cio do Planalto. Durante a sess\u00e3o, o clima foi de tens\u00e3o, com troca de cr\u00edticas entre governistas e oposicionistas sobre os limites da responsabiliza\u00e7\u00e3o dos envolvidos nos atos antidemocr\u00e1ticos.<\/p>\n\n\n\n<p>Para aliados do governo, a derrubada dos vetos representa um enfraquecimento da resposta institucional aos ataques ocorridos em 8 de janeiro, epis\u00f3dio classificado por autoridades como uma tentativa de ruptura democr\u00e1tica. J\u00e1 defensores da proposta argumentam que a revis\u00e3o das penas corrige excessos e garante maior proporcionalidade nas condena\u00e7\u00f5es.<\/p>\n\n\n\n<p>A decis\u00e3o refor\u00e7a o protagonismo de Alcolumbre no Congresso e evidencia a dificuldade do governo em manter sua base unida em vota\u00e7\u00f5es sens\u00edveis. O tema deve continuar gerando debates no meio pol\u00edtico e jur\u00eddico, especialmente quanto aos impactos sobre processos em andamento e decis\u00f5es j\u00e1 proferidas pelo Judici\u00e1rio.<\/p>\n<div class=\"jorna-rodape jorna-entity-placement\" id=\"jorna-4274465586\"><div id=\"jorna-2252939738\"><a href=\"https:\/\/gkscontabilidade.com\/\" aria-label=\"GKS Contabilidade\"><img src=\"https:\/\/jornalvaleevangelico.com.br\/wp-content\/uploads\/2023\/05\/GKS-Contabilidade.jpeg\" alt=\"\"  srcset=\"https:\/\/jornalvaleevangelico.com.br\/wp-content\/uploads\/2023\/05\/GKS-Contabilidade.jpeg 1600w, https:\/\/jornalvaleevangelico.com.br\/wp-content\/uploads\/2023\/05\/GKS-Contabilidade-300x65.jpeg 300w, https:\/\/jornalvaleevangelico.com.br\/wp-content\/uploads\/2023\/05\/GKS-Contabilidade-1024x223.jpeg 1024w, https:\/\/jornalvaleevangelico.com.br\/wp-content\/uploads\/2023\/05\/GKS-Contabilidade-768x168.jpeg 768w, https:\/\/jornalvaleevangelico.com.br\/wp-content\/uploads\/2023\/05\/GKS-Contabilidade-1536x335.jpeg 1536w\" sizes=\"(max-width: 1600px) 100vw, 1600px\" width=\"1600\" height=\"349\"   \/><\/a><\/div><\/div>","protected":false},"excerpt":{"rendered":"<p>Decis\u00e3o liderada por Davi Alcolumbre representa rev\u00e9s ao Planalto e amplia divis\u00e3o pol\u00edtica sobre responsabiliza\u00e7\u00e3o&#8230;<\/p>\n","protected":false},"author":2,"featured_media":47122,"comment_status":"open","ping_status":"open","sticky":false,"template":"","format":"standard","meta":{"_mi_skip_tracking":false,"_monsterinsights_sitenote_active":false,"_monsterinsights_sitenote_note":"","_monsterinsights_sitenote_category":0,"footnotes":""},"categories":[2,13],"tags":[],"class_list":["post-47121","post","type-post","status-publish","format-standard","has-post-thumbnail","hentry","category-noticia","category-politica"],"_links":{"self":[{"href":"https:\/\/jornalvaleevangelico.com.br\/index.php\/wp-json\/wp\/v2\/posts\/47121","targetHints":{"allow":["GET"]}}],"collection":[{"href":"https:\/\/jornalvaleevangelico.com.br\/index.php\/wp-json\/wp\/v2\/posts"}],"about":[{"href":"https:\/\/jornalvaleevangelico.com.br\/index.php\/wp-json\/wp\/v2\/types\/post"}],"author":[{"embeddable":true,"href":"https:\/\/jornalvaleevangelico.com.br\/index.php\/wp-json\/wp\/v2\/users\/2"}],"replies":[{"embeddable":true,"href":"https:\/\/jornalvaleevangelico.com.br\/index.php\/wp-json\/wp\/v2\/comments?post=47121"}],"version-history":[{"count":1,"href":"https:\/\/jornalvaleevangelico.com.br\/index.php\/wp-json\/wp\/v2\/posts\/47121\/revisions"}],"predecessor-version":[{"id":47123,"href":"https:\/\/jornalvaleevangelico.com.br\/index.php\/wp-json\/wp\/v2\/posts\/47121\/revisions\/47123"}],"wp:featuredmedia":[{"embeddable":true,"href":"https:\/\/jornalvaleevangelico.com.br\/index.php\/wp-json\/wp\/v2\/media\/47122"}],"wp:attachment":[{"href":"https:\/\/jornalvaleevangelico.com.br\/index.php\/wp-json\/wp\/v2\/media?parent=47121"}],"wp:term":[{"taxonomy":"category","embeddable":true,"href":"https:\/\/jornalvaleevangelico.com.br\/index.php\/wp-json\/wp\/v2\/categories?post=47121"},{"taxonomy":"post_tag","embeddable":true,"href":"https:\/\/jornalvaleevangelico.com.br\/index.php\/wp-json\/wp\/v2\/tags?post=47121"}],"curies":[{"name":"wp","href":"https:\/\/api.w.org\/{rel}","templated":true}]}}