{"id":47124,"date":"2026-04-30T19:50:33","date_gmt":"2026-04-30T22:50:33","guid":{"rendered":"https:\/\/jornalvaleevangelico.com.br\/?p=47124"},"modified":"2026-04-30T19:50:34","modified_gmt":"2026-04-30T22:50:34","slug":"alcolumbre-articula-apoio-politico-com-sinalizacao-de-impeachment-no-senado","status":"publish","type":"post","link":"https:\/\/jornalvaleevangelico.com.br\/index.php\/2026\/04\/30\/alcolumbre-articula-apoio-politico-com-sinalizacao-de-impeachment-no-senado\/","title":{"rendered":"Alcolumbre articula apoio pol\u00edtico com sinaliza\u00e7\u00e3o de impeachment no Senado"},"content":{"rendered":"\n<h2 class=\"wp-block-heading\">Presidente do Senado intensifica articula\u00e7\u00f5es pol\u00edticas e acena \u00e0 oposi\u00e7\u00e3o com \u0432\u043e\u0437\u043c\u043e\u0436\u043d\u0430\u044f abertura de processos contra ministros do STF para viabilizar apoio \u00e0 sua recondu\u00e7\u00e3o em 2027<\/h2>\n\n\n\n<p>O presidente do Senado, Davi Alcolumbre (Uni\u00e3o Brasil-AP), intensificou as articula\u00e7\u00f5es pol\u00edticas visando sua reelei\u00e7\u00e3o ao comando da Casa em 2027. Nos bastidores, o senador tem sinalizado \u00e0 oposi\u00e7\u00e3o a possibilidade de pautar pedidos de impeachment contra ministros do Supremo Tribunal Federal (STF), em uma estrat\u00e9gia que busca consolidar apoio pol\u00edtico no Congresso.<\/p>\n\n\n\n<p>De acordo com informa\u00e7\u00f5es divulgadas pela coluna Painel, da Folha de S.Paulo, Alcolumbre tem adotado uma s\u00e9rie de movimentos para fortalecer sua posi\u00e7\u00e3o na disputa interna pela presid\u00eancia do Senado. Entre eles, est\u00e3o gestos pol\u00edticos voltados \u00e0 oposi\u00e7\u00e3o e decis\u00f5es em pautas sens\u00edveis, consideradas estrat\u00e9gicas para ampliar sua base de sustenta\u00e7\u00e3o.<\/p>\n\n\n\n<p>Um dos exemplos recentes foi a condu\u00e7\u00e3o da derrubada de vetos presidenciais relacionados ao projeto que trata da dosimetria penal. A medida acabou beneficiando condenados pelos atos de 8 de janeiro de 2023, epis\u00f3dio conhecido como Ataques de 8 de janeiro de 2023, ap\u00f3s ajustes no texto para evitar a extens\u00e3o dos benef\u00edcios a outros tipos de crimes.<\/p>\n\n\n\n<p>A possibilidade de abertura de processos de impeachment contra ministros do STF, at\u00e9 ent\u00e3o mantidos sem avan\u00e7o na presid\u00eancia do Senado, passou a integrar as negocia\u00e7\u00f5es pol\u00edticas. Embora n\u00e3o tenha formalizado qualquer iniciativa nesse sentido, Alcolumbre n\u00e3o descartou a hip\u00f3tese de dar andamento a algum pedido, condicionando a movimenta\u00e7\u00e3o ao cen\u00e1rio de sua recondu\u00e7\u00e3o ao cargo.<\/p>\n\n\n\n<p>A sinaliza\u00e7\u00e3o foi recebida com respaldo por parte de setores da oposi\u00e7\u00e3o, mas ainda h\u00e1 cautela entre parlamentares. Integrantes do Partido Liberal (PL) indicam, em conversas reservadas, que esperam a\u00e7\u00f5es concretas antes de consolidar apoio. Parte do grupo defende, inclusive, a antecipa\u00e7\u00e3o de medidas ainda em 2026 como forma de demonstrar compromisso com a pauta.<\/p>\n\n\n\n<p>Al\u00e9m disso, cresce dentro da oposi\u00e7\u00e3o a defesa de um nome alinhado ao bolsonarismo para a presid\u00eancia do Senado. Entre os cotados, aparece o senador Rog\u00e9rio Marinho (PL-RN), que atualmente atua na coordena\u00e7\u00e3o da pr\u00e9-campanha de Fl\u00e1vio Bolsonaro (PL-RJ).<\/p>\n\n\n\n<p>O cen\u00e1rio evidencia o aumento da tens\u00e3o entre o Legislativo e o Judici\u00e1rio, al\u00e9m de revelar o peso das negocia\u00e7\u00f5es pol\u00edticas na defini\u00e7\u00e3o dos rumos institucionais do pa\u00eds nos pr\u00f3ximos anos.<\/p>\n\n\n\n<p><\/p>\n<div class=\"jorna-rodape jorna-entity-placement\" id=\"jorna-4224047413\"><div id=\"jorna-1482201811\"><a href=\"https:\/\/gkscontabilidade.com\/\" aria-label=\"GKS Contabilidade\"><img src=\"https:\/\/jornalvaleevangelico.com.br\/wp-content\/uploads\/2023\/05\/GKS-Contabilidade.jpeg\" alt=\"\"  srcset=\"https:\/\/jornalvaleevangelico.com.br\/wp-content\/uploads\/2023\/05\/GKS-Contabilidade.jpeg 1600w, https:\/\/jornalvaleevangelico.com.br\/wp-content\/uploads\/2023\/05\/GKS-Contabilidade-300x65.jpeg 300w, https:\/\/jornalvaleevangelico.com.br\/wp-content\/uploads\/2023\/05\/GKS-Contabilidade-1024x223.jpeg 1024w, https:\/\/jornalvaleevangelico.com.br\/wp-content\/uploads\/2023\/05\/GKS-Contabilidade-768x168.jpeg 768w, https:\/\/jornalvaleevangelico.com.br\/wp-content\/uploads\/2023\/05\/GKS-Contabilidade-1536x335.jpeg 1536w\" sizes=\"(max-width: 1600px) 100vw, 1600px\" width=\"1600\" height=\"349\"   \/><\/a><\/div><\/div>","protected":false},"excerpt":{"rendered":"<p>Presidente do Senado intensifica articula\u00e7\u00f5es pol\u00edticas e acena \u00e0 oposi\u00e7\u00e3o com \u0432\u043e\u0437\u043c\u043e\u0436\u043d\u0430\u044f abertura de processos&#8230;<\/p>\n","protected":false},"author":2,"featured_media":47125,"comment_status":"open","ping_status":"open","sticky":false,"template":"","format":"standard","meta":{"_mi_skip_tracking":false,"_monsterinsights_sitenote_active":false,"_monsterinsights_sitenote_note":"","_monsterinsights_sitenote_category":0,"footnotes":""},"categories":[1],"tags":[],"class_list":["post-47124","post","type-post","status-publish","format-standard","has-post-thumbnail","hentry","category-sem-categoria"],"_links":{"self":[{"href":"https:\/\/jornalvaleevangelico.com.br\/index.php\/wp-json\/wp\/v2\/posts\/47124","targetHints":{"allow":["GET"]}}],"collection":[{"href":"https:\/\/jornalvaleevangelico.com.br\/index.php\/wp-json\/wp\/v2\/posts"}],"about":[{"href":"https:\/\/jornalvaleevangelico.com.br\/index.php\/wp-json\/wp\/v2\/types\/post"}],"author":[{"embeddable":true,"href":"https:\/\/jornalvaleevangelico.com.br\/index.php\/wp-json\/wp\/v2\/users\/2"}],"replies":[{"embeddable":true,"href":"https:\/\/jornalvaleevangelico.com.br\/index.php\/wp-json\/wp\/v2\/comments?post=47124"}],"version-history":[{"count":1,"href":"https:\/\/jornalvaleevangelico.com.br\/index.php\/wp-json\/wp\/v2\/posts\/47124\/revisions"}],"predecessor-version":[{"id":47126,"href":"https:\/\/jornalvaleevangelico.com.br\/index.php\/wp-json\/wp\/v2\/posts\/47124\/revisions\/47126"}],"wp:featuredmedia":[{"embeddable":true,"href":"https:\/\/jornalvaleevangelico.com.br\/index.php\/wp-json\/wp\/v2\/media\/47125"}],"wp:attachment":[{"href":"https:\/\/jornalvaleevangelico.com.br\/index.php\/wp-json\/wp\/v2\/media?parent=47124"}],"wp:term":[{"taxonomy":"category","embeddable":true,"href":"https:\/\/jornalvaleevangelico.com.br\/index.php\/wp-json\/wp\/v2\/categories?post=47124"},{"taxonomy":"post_tag","embeddable":true,"href":"https:\/\/jornalvaleevangelico.com.br\/index.php\/wp-json\/wp\/v2\/tags?post=47124"}],"curies":[{"name":"wp","href":"https:\/\/api.w.org\/{rel}","templated":true}]}}