{"id":47127,"date":"2026-04-30T19:55:48","date_gmt":"2026-04-30T22:55:48","guid":{"rendered":"https:\/\/jornalvaleevangelico.com.br\/?p=47127"},"modified":"2026-04-30T20:00:01","modified_gmt":"2026-04-30T23:00:01","slug":"como-votou-cada-deputado-e-senador-na-derrubada-do-veto-de-lula-ao-pl-da-dosimetria","status":"publish","type":"post","link":"https:\/\/jornalvaleevangelico.com.br\/index.php\/2026\/04\/30\/como-votou-cada-deputado-e-senador-na-derrubada-do-veto-de-lula-ao-pl-da-dosimetria\/","title":{"rendered":"Como votou cada deputado e senador na derrubada do veto de Lula ao PL da dosimetria"},"content":{"rendered":"\n<h2 class=\"wp-block-heading has-text-align-center\">Oposi\u00e7\u00e3o comemora derrubada de veto ao PL da Dosimetria em sess\u00e3o do Congresso nesta quinta-feira (30)<\/h2>\n\n\n\n<p>O Congresso Nacional&nbsp;<a href=\"https:\/\/www.gazetadopovo.com.br\/republica\/congresso-derruba-veto-de-lula-ao-pl-da-dosimetria\/\">derrubou<\/a>&nbsp;nesta quinta-feira (30) o veto do presidente Luiz In\u00e1cio Lula da Silva (PT) ao projeto de lei da dosimetria, que reduz as penas dos condenados pelos atos de 8 de janeiro de 2023 e na suposta tentativa de golpe de Estado.<\/p>\n\n\n\n<p>Na C\u00e2mara, 318 deputados votaram pela derrubada do veto, 144 pela manuten\u00e7\u00e3o e houve quatro absten\u00e7\u00f5es. J\u00e1 no Senado, foram 49 votos pela derrubada e 24 votaram pela manuten\u00e7\u00e3o. N\u00e3o participaram da vota\u00e7\u00e3o 8 senadores.<\/p>\n\n\n\n<p>Os votos&nbsp;<strong>&#8220;sim&#8221; s\u00e3o pela manuten\u00e7\u00e3o<\/strong>&nbsp;do veto e os&nbsp;<strong>votos &#8220;n\u00e3o&#8221; s\u00e3o pela derrubada<\/strong>.<\/p>\n\n\n\n<h2 class=\"wp-block-heading\">Como votou cada deputado na derrubada do veto ao PL da dosimetria<\/h2>\n\n\n\n<ul class=\"wp-block-list\">\n<li>Castro Neto (MDB-PI): Sim<\/li>\n\n\n\n<li>Elcione Barbalho (MDB-PA): Sim<\/li>\n\n\n\n<li>Eun\u00edcio Oliveira (MDB-CE): Sim<\/li>\n\n\n\n<li>Isnaldo Bulh\u00f5es Jr. (MDB-AL): Sim<\/li>\n\n\n\n<li>Iza Arruda (MDB-PE): Sim<\/li>\n\n\n\n<li>Luciano Bivar (MDB-PE): Sim<\/li>\n\n\n\n<li>Rafael Brito (MDB-AL): Sim<\/li>\n\n\n\n<li>Ricardo Maia (MDB-BA): Sim<\/li>\n\n\n\n<li>Alice Portugal (PCdoB-BA): Sim<\/li>\n\n\n\n<li>Daiana Santos (PCdoB-RS): Sim<\/li>\n\n\n\n<li>Daniel Almeida (PCdoB-BA): Sim<\/li>\n\n\n\n<li>Gerv\u00e1sio Maia (PCdoB-PB): Sim<\/li>\n\n\n\n<li>In\u00e1cio Arruda (PCdoB-CE): Sim<\/li>\n\n\n\n<li>Jandira Feghali (PCdoB-RJ): Sim<\/li>\n\n\n\n<li>M\u00e1rcio Jerry (PCdoB-MA): Sim<\/li>\n\n\n\n<li>Orlando Silva (PCdoB-SP): Sim<\/li>\n\n\n\n<li>Professora Marcivania (PCdoB-AP): Sim<\/li>\n\n\n\n<li>Renildo Calheiros (PCdoB-PE): Sim<\/li>\n\n\n\n<li>Afonso Motta (PDT-RS): Sim<\/li>\n\n\n\n<li>Andr\u00e9 Figueiredo (PDT-CE): Sim<\/li>\n\n\n\n<li>Celso Sabino (PDT-PA): Sim<\/li>\n\n\n\n<li>Dorinaldo Malafaia (PDT-AP): Sim<\/li>\n\n\n\n<li>F\u00e9lix Mendon\u00e7a J\u00fanior (PDT-BA): Sim<\/li>\n\n\n\n<li>Josenildo (PDT-AP): Sim<\/li>\n\n\n\n<li>M\u00e1rio Heringer (PDT-MG): Sim<\/li>\n\n\n\n<li>Pompeo de Mattos (PDT-RS): Sim<\/li>\n\n\n\n<li>F\u00e1bio Macedo (Podemos-MA): Sim<\/li>\n\n\n\n<li>Andr\u00e9 Fufuca (PP-MA): Sim<\/li>\n\n\n\n<li>Daniel Barbosa (PP-AL): Sim<\/li>\n\n\n\n<li>Felipe Carreras (PSB-PE): Sim<\/li>\n\n\n\n<li>Idilvan Alencar (PSB-CE): Sim<\/li>\n\n\n\n<li>J\u00fanior Mano (PSB-CE): Sim<\/li>\n\n\n\n<li>L\u00eddice da Mata (PSB-BA): Sim<\/li>\n\n\n\n<li>Lucas Ramos (PSB-PE): Sim<\/li>\n\n\n\n<li>Maria Arraes (PSB-PE): Sim<\/li>\n\n\n\n<li>M\u00e1rio Negromonte Jr. (PSB-BA): Sim<\/li>\n\n\n\n<li>Pedro Campos (PSB-PE): Sim<\/li>\n\n\n\n<li>Rob\u00e9rio Monteiro (PSB-CE): Sim<\/li>\n\n\n\n<li>Rodrigo Rollemberg (PSB-DF): Sim<\/li>\n\n\n\n<li>Tabata Amaral (PSB-SP): Sim<\/li>\n\n\n\n<li>C\u00e9lio Studart (PSD-CE): Sim<\/li>\n\n\n\n<li>Delegada Katarina (PSD-SE): Sim<\/li>\n\n\n\n<li>Domingos Neto (PSD-CE): Sim<\/li>\n\n\n\n<li>Dr. Daniel Soranz (PSD-RJ): Sim<\/li>\n\n\n\n<li>Emanuel Pinheiro Neto (PSD-MT): Sim<\/li>\n\n\n\n<li>Fernanda Pessoa (PSD-CE): Sim<\/li>\n\n\n\n<li>Fernando Monteiro (PSD-PE): Sim<\/li>\n\n\n\n<li>Gabriel Nunes (PSD-BA): Sim<\/li>\n\n\n\n<li>J\u00falio Cesar (PSD-PI): Sim<\/li>\n\n\n\n<li>Laura Carneiro (PSD-RJ): Sim<\/li>\n\n\n\n<li>Pedro Paulo (PSD-RJ): Sim<\/li>\n\n\n\n<li>T\u00falio Gad\u00ealha (PSD-PE): Sim<\/li>\n\n\n\n<li>C\u00e9lia Xakriab\u00e1 (PSOL-MG): Sim<\/li>\n\n\n\n<li>Chico Alencar (PSOL-RJ): Sim<\/li>\n\n\n\n<li>Duda Salabert (PSOL-MG): Sim<\/li>\n\n\n\n<li>Erika Hilton (PSOL-SP): Sim<\/li>\n\n\n\n<li>Fernanda Melchionna (PSOL-RS): Sim<\/li>\n\n\n\n<li>Luiza Erundina (PSOL-SP): Sim<\/li>\n\n\n\n<li>Pastor Henrique Vieira (PSOL-RJ): Sim<\/li>\n\n\n\n<li>Professora Luciene Cavalcante (PSOL-SP): Sim<\/li>\n\n\n\n<li>S\u00e2mia Bomfim (PSOL-SP): Sim<\/li>\n\n\n\n<li>S\u00f4nia Guajajara (PSOL-SP): Sim<\/li>\n\n\n\n<li>Tal\u00edria Petrone (PSOL-RJ): Sim<\/li>\n\n\n\n<li>Tarc\u00edsio Motta (PSOL-RJ): Sim<\/li>\n\n\n\n<li>Afonso Florence (PT-BA): Sim<\/li>\n\n\n\n<li>Airton Faleiro (PT-PA): Sim<\/li>\n\n\n\n<li>Alencar Santana (PT-SP): Sim<\/li>\n\n\n\n<li>Alexandre Lindenmeyer (PT-RS): Sim<\/li>\n\n\n\n<li>Alfredinho (PT-SP): Sim<\/li>\n\n\n\n<li>Ana Paula Lima (PT-SC): Sim<\/li>\n\n\n\n<li>Ana Pimentel (PT-MG): Sim<\/li>\n\n\n\n<li>Arlindo Chinaglia (PT-SP): Sim<\/li>\n\n\n\n<li>Benedita da Silva (PT-RJ): Sim<\/li>\n\n\n\n<li>Bohn Gass (PT-RS): Sim<\/li>\n\n\n\n<li>Camila Jara (PT-MS): Sim<\/li>\n\n\n\n<li>Carlos Veras (PT-PE): Sim<\/li>\n\n\n\n<li>Carlos Zarattini (PT-SP): Sim<\/li>\n\n\n\n<li>Carol Dartora (PT-PR): Sim<\/li>\n\n\n\n<li>Dandara (PT-MG): Sim<\/li>\n\n\n\n<li>Delegada Adriana Accorsi (PT-GO): Sim<\/li>\n\n\n\n<li>Denise Pess\u00f4a (PT-RS): Sim<\/li>\n\n\n\n<li>Dilvanda Faro (PT-PA): Sim<\/li>\n\n\n\n<li>Dimas Gadelha (PT-RJ): Sim<\/li>\n\n\n\n<li>Dr. Francisco (PT-PI): Sim<\/li>\n\n\n\n<li>Erika Kokay (PT-DF): Sim<\/li>\n\n\n\n<li>Fernando Mineiro (PT-RN): Sim<\/li>\n\n\n\n<li>Fl\u00e1vio Nogueira (PT-PI): Sim<\/li>\n\n\n\n<li>Florentino Neto (PT-PI): Sim<\/li>\n\n\n\n<li>Gleisi Hoffmann (PT-PR): Sim<\/li>\n\n\n\n<li>Ivoneide Caetano (PT-BA): Sim<\/li>\n\n\n\n<li>Jack Rocha (PT-ES): Sim<\/li>\n\n\n\n<li>Jilmar Tatto (PT-SP): Sim<\/li>\n\n\n\n<li>Jo\u00e3o Daniel (PT-SE): Sim<\/li>\n\n\n\n<li>Jorge Solla (PT-BA): Sim<\/li>\n\n\n\n<li>Jos\u00e9 Airton F\u00e9lix Cirilo (PT-CE): Sim<\/li>\n\n\n\n<li>Joseildo Ramos (PT-BA): Sim<\/li>\n\n\n\n<li>Juliana Cardoso (PT-SP): Sim<\/li>\n\n\n\n<li>Kiko Celeguim (PT-SP): Sim<\/li>\n\n\n\n<li>Leonardo Monteiro (PT-MG): Sim<\/li>\n\n\n\n<li>Lindbergh Farias (PT-RJ): Sim<\/li>\n\n\n\n<li>Luiz Couto (PT-PB): Sim<\/li>\n\n\n\n<li>Marcon (PT-RS): Sim<\/li>\n\n\n\n<li>Maria do Ros\u00e1rio (PT-RS): Sim<\/li>\n\n\n\n<li>Merlong Solano (PT-PI): Sim<\/li>\n\n\n\n<li>Miguel \u00c2ngelo (PT-MG): Sim<\/li>\n\n\n\n<li>Nat\u00e1lia Bonavides (PT-RN): Sim<\/li>\n\n\n\n<li>Nilto Tatto (PT-SP): Sim<\/li>\n\n\n\n<li>Odair Cunha (PT-MG): Sim<\/li>\n\n\n\n<li>Padre Jo\u00e3o (PT-MG): Sim<\/li>\n\n\n\n<li>Patrus Ananias (PT-MG): Sim<\/li>\n\n\n\n<li>Paul\u00e3o (PT-AL): Sim<\/li>\n\n\n\n<li>Paulo Guedes (PT-MG): Sim<\/li>\n\n\n\n<li>Paulo Lemos (PT-AP): Sim<\/li>\n\n\n\n<li>Paulo Pimenta (PT-RS): Sim<\/li>\n\n\n\n<li>Paulo Teixeira (PT-SP): Sim<\/li>\n\n\n\n<li>Pedro Uczai (PT-SC): Sim<\/li>\n\n\n\n<li>Reginaldo Lopes (PT-MG): Sim<\/li>\n\n\n\n<li>Reimont (PT-RJ): Sim<\/li>\n\n\n\n<li>Rog\u00e9rio Correia (PT-MG): Sim<\/li>\n\n\n\n<li>Rubens Otoni (PT-GO): Sim<\/li>\n\n\n\n<li>Rubens Pereira J\u00fanior (PT-MA): Sim<\/li>\n\n\n\n<li>Rui Falc\u00e3o (PT-SP): Sim<\/li>\n\n\n\n<li>Tadeu Veneri (PT-PR): Sim<\/li>\n\n\n\n<li>Valmir Assun\u00e7\u00e3o (PT-BA): Sim<\/li>\n\n\n\n<li>Vander Loubet (PT-MS): Sim<\/li>\n\n\n\n<li>Waldenor Pereira (PT-BA): Sim<\/li>\n\n\n\n<li>Welter (PT-PR): Sim<\/li>\n\n\n\n<li>Z\u00e9 Neto (PT-BA): Sim<\/li>\n\n\n\n<li>Zeca Dirceu (PT-PR): Sim<\/li>\n\n\n\n<li>Aliel Machado (PV-PR): Sim<\/li>\n\n\n\n<li>Bacelar (PV-BA): Sim<\/li>\n\n\n\n<li>Bandeira de Mello (PV-RJ): Sim<\/li>\n\n\n\n<li>Clodoaldo Magalh\u00e3es (PV-PE): Sim<\/li>\n\n\n\n<li>Prof. Reginaldo Veras (PV-DF): Sim<\/li>\n\n\n\n<li>Andr\u00e9 Janones (Rede-MG): Sim<\/li>\n\n\n\n<li>Helo\u00edsa Helena (Rede-RJ): Sim<\/li>\n\n\n\n<li>Luizianne Lins (Rede-CE): Sim<\/li>\n\n\n\n<li>Marina Silva (Rede-SP): Sim<\/li>\n\n\n\n<li>Daniela do Waguinho (Republicanos-RJ): Sim<\/li>\n\n\n\n<li>Ricardo Ayres (Republicanos-TO): Sim<\/li>\n\n\n\n<li>Dami\u00e3o Feliciano (Uni\u00e3o-PB): Sim<\/li>\n\n\n\n<li>Geraldo Resende (Uni\u00e3o-MS): Sim<\/li>\n\n\n\n<li>Mauro Benevides Filho (Uni\u00e3o-CE): Sim<\/li>\n\n\n\n<li>Meire Serafim (Uni\u00e3o-AC): Sim<\/li>\n\n\n\n<li>Delegada Ione (Avante-MG): N\u00e3o<\/li>\n\n\n\n<li>Duarte Jr. (Avante-MA): N\u00e3o<\/li>\n\n\n\n<li>Pastor Sargento Isid\u00f3rio (Avante-BA): N\u00e3o<\/li>\n\n\n\n<li>Vav\u00e1 (Avante-MG): N\u00e3o<\/li>\n\n\n\n<li>Waldemar Oliveira (Avante-PE): N\u00e3o<\/li>\n\n\n\n<li>Alex Manente (Cidadania-SP): N\u00e3o<\/li>\n\n\n\n<li>Arnaldo Jardim (Cidadania-SP): N\u00e3o<\/li>\n\n\n\n<li>Ac\u00e1cio Favacho (MDB-AP): N\u00e3o<\/li>\n\n\n\n<li>Adail Filho (MDB-AM): N\u00e3o<\/li>\n\n\n\n<li>Alceu Moreira (MDB-RS): N\u00e3o<\/li>\n\n\n\n<li>Alexandre Guimar\u00e3es (MDB-TO): N\u00e3o<\/li>\n\n\n\n<li>Ant\u00f4nia L\u00facia (MDB-AC): N\u00e3o<\/li>\n\n\n\n<li>Ant\u00f4nio Doido (MDB-PA): N\u00e3o<\/li>\n\n\n\n<li>Baleia Rossi (MDB-SP): N\u00e3o<\/li>\n\n\n\n<li>Carlos Chiodini (MDB-SC): N\u00e3o<\/li>\n\n\n\n<li>C\u00e9lio Silveira (MDB-GO): N\u00e3o<\/li>\n\n\n\n<li>Cleber Verde (MDB-MA): N\u00e3o<\/li>\n\n\n\n<li>Cobalchini (MDB-SC): N\u00e3o<\/li>\n\n\n\n<li>Dr. Zacharias Calil (MDB-GO): N\u00e3o<\/li>\n\n\n\n<li>F\u00e1bio Teruel (MDB-SP): N\u00e3o<\/li>\n\n\n\n<li>Gutemberg Reis (MDB-RJ): N\u00e3o<\/li>\n\n\n\n<li>Herc\u00edlio Coelho Diniz (MDB-MG): N\u00e3o<\/li>\n\n\n\n<li>Jo\u00e3o Cury (MDB-SP): N\u00e3o<\/li>\n\n\n\n<li>Keniston Braga (MDB-PA): N\u00e3o<\/li>\n\n\n\n<li>M\u00e1rcio Biolchi (MDB-RS): N\u00e3o<\/li>\n\n\n\n<li>Marcos Aur\u00e9lio Sampaio (MDB-PI): N\u00e3o<\/li>\n\n\n\n<li>Pezenti (MDB-SC): N\u00e3o<\/li>\n\n\n\n<li>Rafael Prudente (MDB-DF): N\u00e3o<\/li>\n\n\n\n<li>Saullo Vianna (MDB-AM): N\u00e3o<\/li>\n\n\n\n<li>Sergio Souza (MDB-PR): N\u00e3o<\/li>\n\n\n\n<li>Kim Kataguiri (Miss\u00e3o-SP): N\u00e3o<\/li>\n\n\n\n<li>Adriana Ventura (Novo-SP): N\u00e3o<\/li>\n\n\n\n<li>Gilson Marques (Novo-SC): N\u00e3o<\/li>\n\n\n\n<li>Luiz Lima (Novo-RJ): N\u00e3o<\/li>\n\n\n\n<li>Marcel van Hattem (Novo-RS): N\u00e3o<\/li>\n\n\n\n<li>Ricardo Salles (Novo-SP): N\u00e3o<\/li>\n\n\n\n<li>Marcos Tavares (PDT-RJ): N\u00e3o<\/li>\n\n\n\n<li>Max Lemos (PDT-RJ): N\u00e3o<\/li>\n\n\n\n<li>Adilson Barroso (PL-SP): N\u00e3o<\/li>\n\n\n\n<li>Alberto Fraga (PL-DF): N\u00e3o<\/li>\n\n\n\n<li>Alfredo Gaspar (PL-AL): N\u00e3o<\/li>\n\n\n\n<li>Altineu C\u00f4rtes (PL-RJ): N\u00e3o<\/li>\n\n\n\n<li>Andr\u00e9 Fernandes (PL-CE): N\u00e3o<\/li>\n\n\n\n<li>Andr\u00e9 Ferreira (PL-PE): N\u00e3o<\/li>\n\n\n\n<li>Antonio Carlos Rodrigues (PL-SP): N\u00e3o<\/li>\n\n\n\n<li>Bia Kicis (PL-DF): N\u00e3o<\/li>\n\n\n\n<li>Bibo Nunes (PL-RS): N\u00e3o<\/li>\n\n\n\n<li>Cabo Gilberto Silva (PL-PB): N\u00e3o<\/li>\n\n\n\n<li>Capit\u00e3o Alberto Neto (PL-AM): N\u00e3o<\/li>\n\n\n\n<li>Capit\u00e3o Alden (PL-BA): N\u00e3o<\/li>\n\n\n\n<li>Capit\u00e3o Augusto (PL-SP): N\u00e3o<\/li>\n\n\n\n<li>Carla Dickson (PL-RN): N\u00e3o<\/li>\n\n\n\n<li>Carlos Jordy (PL-RJ): N\u00e3o<\/li>\n\n\n\n<li>Caroline de Toni (PL-SC): N\u00e3o<\/li>\n\n\n\n<li>Cezinha de Madureira (PL-SP): N\u00e3o<\/li>\n\n\n\n<li>Chris Tonietto (PL-RJ): N\u00e3o<\/li>\n\n\n\n<li>Coronel Assis (PL-MT): N\u00e3o<\/li>\n\n\n\n<li>Coronel Chris\u00f3stomo (PL-RO): N\u00e3o<\/li>\n\n\n\n<li>Coronel Fernanda (PL-MT): N\u00e3o<\/li>\n\n\n\n<li>Coronel Meira (PL-PE): N\u00e3o<\/li>\n\n\n\n<li>Dani Cunha (PL-RJ): N\u00e3o<\/li>\n\n\n\n<li>Daniel Freitas (PL-SC): N\u00e3o<\/li>\n\n\n\n<li>Daniela Reinehr (PL-SC): N\u00e3o<\/li>\n\n\n\n<li>Delegado Caveira (PL-PA): N\u00e3o<\/li>\n\n\n\n<li>Delegado \u00c9der Mauro (PL-PA): N\u00e3o<\/li>\n\n\n\n<li>Delegado Paulo Bilynskyj (PL-SP): N\u00e3o<\/li>\n\n\n\n<li>Domingos S\u00e1vio (PL-MG): N\u00e3o<\/li>\n\n\n\n<li>Dr Fl\u00e1vio (PL-RJ): N\u00e3o<\/li>\n\n\n\n<li>Dr. Fernando M\u00e1ximo (PL-RO): N\u00e3o<\/li>\n\n\n\n<li>Dr. Jaziel (PL-CE): N\u00e3o<\/li>\n\n\n\n<li>Emidinho Madeira (PL-MG): N\u00e3o<\/li>\n\n\n\n<li>Eros Biondini (PL-MG): N\u00e3o<\/li>\n\n\n\n<li>Filipe Barros (PL-PR): N\u00e3o<\/li>\n\n\n\n<li>Filipe Martins (PL-TO): N\u00e3o<\/li>\n\n\n\n<li>General Gir\u00e3o (PL-RN): N\u00e3o<\/li>\n\n\n\n<li>General Pazuello (PL-RJ): N\u00e3o<\/li>\n\n\n\n<li>Gilvan da Federal (PL-ES): N\u00e3o<\/li>\n\n\n\n<li>Giovani Cherini (PL-RS): N\u00e3o<\/li>\n\n\n\n<li>Greyce Elias (PL-MG): N\u00e3o<\/li>\n\n\n\n<li>Gustavo Gayer (PL-GO): N\u00e3o<\/li>\n\n\n\n<li>Helio Lopes (PL-RJ): N\u00e3o<\/li>\n\n\n\n<li>Ismael (PL-SC): N\u00e3o<\/li>\n\n\n\n<li>Jefferson Campos (PL-SP): N\u00e3o<\/li>\n\n\n\n<li>Jo\u00e3o Carlos Bacelar (PL-BA): N\u00e3o<\/li>\n\n\n\n<li>Joaquim Passarinho (PL-PA): N\u00e3o<\/li>\n\n\n\n<li>Jos\u00e9 Medeiros (PL-MT): N\u00e3o<\/li>\n\n\n\n<li>Julia Zanatta (PL-SC): N\u00e3o<\/li>\n\n\n\n<li>Junio Amaral (PL-MG): N\u00e3o<\/li>\n\n\n\n<li>Lafayette de Andrada (PL-MG): N\u00e3o<\/li>\n\n\n\n<li>Lucio Mosquini (PL-RO): N\u00e3o<\/li>\n\n\n\n<li>Luiz Carlos Motta (PL-SP): N\u00e3o<\/li>\n\n\n\n<li>Luiz Philippe de Orleans e Bragan\u00e7a (PL-SP): N\u00e3o<\/li>\n\n\n\n<li>Magda Mofatto (PL-GO): N\u00e3o<\/li>\n\n\n\n<li>Marcelo \u00c1lvaro Ant\u00f4nio (PL-MG): N\u00e3o<\/li>\n\n\n\n<li>Marcelo Moraes (PL-RS): N\u00e3o<\/li>\n\n\n\n<li>Marcio Alvino (PL-SP): N\u00e3o<\/li>\n\n\n\n<li>Marcos Pollon (PL-MS): N\u00e3o<\/li>\n\n\n\n<li>Mario Frias (PL-SP): N\u00e3o<\/li>\n\n\n\n<li>Matheus Noronha (PL-CE): N\u00e3o<\/li>\n\n\n\n<li>Mauricio do V\u00f4lei (PL-MG): N\u00e3o<\/li>\n\n\n\n<li>Mauricio Marcon (PL-RS): N\u00e3o<\/li>\n\n\n\n<li>Mendon\u00e7a Filho (PL-PE): N\u00e3o<\/li>\n\n\n\n<li>Miguel Lombardi (PL-SP): N\u00e3o<\/li>\n\n\n\n<li>Mission\u00e1rio Jos\u00e9 Olimpio (PL-SP): N\u00e3o<\/li>\n\n\n\n<li>Nicoletti (PL-RR): N\u00e3o<\/li>\n\n\n\n<li>Nikolas Ferreira (PL-MG): N\u00e3o<\/li>\n\n\n\n<li>Osmar Terra (PL-RS): N\u00e3o<\/li>\n\n\n\n<li>Pastor Gil (PL-MA): N\u00e3o<\/li>\n\n\n\n<li>Paulo Freire Costa (PL-SP): N\u00e3o<\/li>\n\n\n\n<li>Paulo Marinho Jr (PL-MA): N\u00e3o<\/li>\n\n\n\n<li>Pr. Marco Feliciano (PL-SP): N\u00e3o<\/li>\n\n\n\n<li>Ricardo Guidi (PL-SC): N\u00e3o<\/li>\n\n\n\n<li>Roberta Roma (PL-BA): N\u00e3o<\/li>\n\n\n\n<li>Roberto Monteiro Pai (PL-RJ): N\u00e3o<\/li>\n\n\n\n<li>Rodolfo Nogueira (PL-MS): N\u00e3o<\/li>\n\n\n\n<li>Rodrigo da Zaeli (PL-MT): N\u00e3o<\/li>\n\n\n\n<li>Rodrigo Valadares (PL-SE): N\u00e3o<\/li>\n\n\n\n<li>Rosana Valle (PL-SP): N\u00e3o<\/li>\n\n\n\n<li>Rosangela Moro (PL-SP): N\u00e3o<\/li>\n\n\n\n<li>Ros\u00e2ngela Reis (PL-MG): N\u00e3o<\/li>\n\n\n\n<li>Sanderson (PL-RS): N\u00e3o<\/li>\n\n\n\n<li>Sargento Fahur (PL-PR): N\u00e3o<\/li>\n\n\n\n<li>Sargento Gon\u00e7alves (PL-RN): N\u00e3o<\/li>\n\n\n\n<li>Silvio Antonio (PL-MA): N\u00e3o<\/li>\n\n\n\n<li>Soraya Santos (PL-RJ): N\u00e3o<\/li>\n\n\n\n<li>S\u00f3stenes Cavalcante (PL-RJ): N\u00e3o<\/li>\n\n\n\n<li>Vinicius Carvalho (PL-SP): N\u00e3o<\/li>\n\n\n\n<li>Vinicius Gurgel (PL-AP): N\u00e3o<\/li>\n\n\n\n<li>Z\u00e9 Trov\u00e3o (PL-SC): N\u00e3o<\/li>\n\n\n\n<li>Z\u00e9 Vitor (PL-MG): N\u00e3o<\/li>\n\n\n\n<li>Zucco (PL-RS): N\u00e3o<\/li>\n\n\n\n<li>Bruno Ganem (Podemos-SP): N\u00e3o<\/li>\n\n\n\n<li>Cristiane Lopes (Podemos-RO): N\u00e3o<\/li>\n\n\n\n<li>David Soares (Podemos-SP): N\u00e3o<\/li>\n\n\n\n<li>Delegado Palumbo (Podemos-SP): N\u00e3o<\/li>\n\n\n\n<li>Dr. Victor Linhalis (Podemos-ES): N\u00e3o<\/li>\n\n\n\n<li>Dra. Alessandra Haber (Podemos-PA): N\u00e3o<\/li>\n\n\n\n<li>Felipe Becari (Podemos-SP): N\u00e3o<\/li>\n\n\n\n<li>Felipe Francischini (Podemos-PR): N\u00e3o<\/li>\n\n\n\n<li>Gilberto Nascimento (Podemos-SP): N\u00e3o<\/li>\n\n\n\n<li>Gilson Daniel (Podemos-ES): N\u00e3o<\/li>\n\n\n\n<li>Glaustin da Fokus (Podemos-GO): N\u00e3o<\/li>\n\n\n\n<li>Luiz Carlos Hauly (Podemos-PR): N\u00e3o<\/li>\n\n\n\n<li>Marangoni (Podemos-SP): N\u00e3o<\/li>\n\n\n\n<li>Nelson Barbudo (Podemos-MT): N\u00e3o<\/li>\n\n\n\n<li>Nely Aquino (Podemos-MG): N\u00e3o<\/li>\n\n\n\n<li>Olival Marques (Podemos-PA): N\u00e3o<\/li>\n\n\n\n<li>Rafael Fera (Podemos-RO): N\u00e3o<\/li>\n\n\n\n<li>Renata Abreu (Podemos-SP): N\u00e3o<\/li>\n\n\n\n<li>Ribamar Silva (Podemos-SP): N\u00e3o<\/li>\n\n\n\n<li>Rodrigo Gambale (Podemos-SP): N\u00e3o<\/li>\n\n\n\n<li>Romero Rodrigues (Podemos-PB): N\u00e3o<\/li>\n\n\n\n<li>Sargento Portugal (Podemos-RJ): N\u00e3o<\/li>\n\n\n\n<li>Tiago Dimas (Podemos-TO): N\u00e3o<\/li>\n\n\n\n<li>Adriano do Baldy (PP-GO): N\u00e3o<\/li>\n\n\n\n<li>Afonso Hamm (PP-RS): N\u00e3o<\/li>\n\n\n\n<li>Aguinaldo Ribeiro (PP-PB): N\u00e3o<\/li>\n\n\n\n<li>AJ Albuquerque (PP-CE): N\u00e3o<\/li>\n\n\n\n<li>Amanda Gentil (PP-MA): N\u00e3o<\/li>\n\n\n\n<li>Amaro Neto (PP-ES): N\u00e3o<\/li>\n\n\n\n<li>Ana Paula Le\u00e3o (PP-MG): N\u00e3o<\/li>\n\n\n\n<li>Andr\u00e9 Abdon (PP-AP): N\u00e3o<\/li>\n\n\n\n<li>Any Ortiz (PP-RS): N\u00e3o<\/li>\n\n\n\n<li>Arthur Lira (PP-AL): N\u00e3o<\/li>\n\n\n\n<li>\u00c1tila Lira (PP-PI): N\u00e3o<\/li>\n\n\n\n<li>Bebeto (PP-RJ): N\u00e3o<\/li>\n\n\n\n<li>Clarissa T\u00e9rcio (PP-PE): N\u00e3o<\/li>\n\n\n\n<li>Claudio Cajado (PP-BA): N\u00e3o<\/li>\n\n\n\n<li>Da Vitoria (PP-ES): N\u00e3o<\/li>\n\n\n\n<li>Danilo Forte (PP-CE): N\u00e3o<\/li>\n\n\n\n<li>Delegado Fabio Costa (PP-AL): N\u00e3o<\/li>\n\n\n\n<li>Dilceu Sperafico (PP-PR): N\u00e3o<\/li>\n\n\n\n<li>Dimas Fabiano (PP-MG): N\u00e3o<\/li>\n\n\n\n<li>Doutor Luizinho (PP-RJ): N\u00e3o<\/li>\n\n\n\n<li>Dr. Luiz Ovando (PP-MS): N\u00e3o<\/li>\n\n\n\n<li>Eduardo da Fonte (PP-PE): N\u00e3o<\/li>\n\n\n\n<li>Guilherme Derrite (PP-SP): N\u00e3o<\/li>\n\n\n\n<li>Gustinho Ribeiro (PP-SE): N\u00e3o<\/li>\n\n\n\n<li>Jo\u00e3o Maia (PP-RN): N\u00e3o<\/li>\n\n\n\n<li>Jorge Ara\u00fajo (PP-BA): N\u00e3o<\/li>\n\n\n\n<li>Julio Arcoverde (PP-PI): N\u00e3o<\/li>\n\n\n\n<li>Julio Lopes (PP-RJ): N\u00e3o<\/li>\n\n\n\n<li>Lula da Fonte (PP-PE): N\u00e3o<\/li>\n\n\n\n<li>Mauricio Neves (PP-SP): N\u00e3o<\/li>\n\n\n\n<li>Padovani (PP-PR): N\u00e3o<\/li>\n\n\n\n<li>Pedro Aihara (PP-MG): N\u00e3o<\/li>\n\n\n\n<li>Pedro Westphalen (PP-RS): N\u00e3o<\/li>\n\n\n\n<li>Ricardo Barros (PP-PR): N\u00e3o<\/li>\n\n\n\n<li>Robinson Faria (PP-RN): N\u00e3o<\/li>\n\n\n\n<li>S\u00e9rgio Turra (PP-RS): N\u00e3o<\/li>\n\n\n\n<li>Silvia Cristina (PP-RO): N\u00e3o<\/li>\n\n\n\n<li>Simone Marquetto (PP-SP): N\u00e3o<\/li>\n\n\n\n<li>Ti\u00e3o Medeiros (PP-PR): N\u00e3o<\/li>\n\n\n\n<li>Toninho Wandscheer (PP-PR): N\u00e3o<\/li>\n\n\n\n<li>Z\u00e9 Adriano (PP-AC): N\u00e3o<\/li>\n\n\n\n<li>Zezinho Barbary (PP-AC): N\u00e3o<\/li>\n\n\n\n<li>Dr. Frederico (PRD-MG): N\u00e3o<\/li>\n\n\n\n<li>Fernando Rodolfo (PRD-PE): N\u00e3o<\/li>\n\n\n\n<li>Fred Costa (PRD-MG): N\u00e3o<\/li>\n\n\n\n<li>Paulo Folletto (PSB-ES): N\u00e3o<\/li>\n\n\n\n<li>Carlos Sampaio (PSD-SP): N\u00e3o<\/li>\n\n\n\n<li>Daniel Agrobom (PSD-GO): N\u00e3o<\/li>\n\n\n\n<li>Danrlei de Deus Hinterholz (PSD-RS): N\u00e3o<\/li>\n\n\n\n<li>Diego Andrade (PSD-MG): N\u00e3o<\/li>\n\n\n\n<li>Dr. Ismael Alexandrino (PSD-GO): N\u00e3o<\/li>\n\n\n\n<li>Fabio Reis (PSD-SE): N\u00e3o<\/li>\n\n\n\n<li>Giacobo (PSD-PR): N\u00e3o<\/li>\n\n\n\n<li>Heitor Schuch (PSD-RS): N\u00e3o<\/li>\n\n\n\n<li>Hugo Leal (PSD-RJ): N\u00e3o<\/li>\n\n\n\n<li>J\u00fanior Ferrari (PSD-PA): N\u00e3o<\/li>\n\n\n\n<li>Leandre (PSD-PR): N\u00e3o<\/li>\n\n\n\n<li>Lucas Redecker (PSD-RS): N\u00e3o<\/li>\n\n\n\n<li>Luiz Gast\u00e3o (PSD-CE): N\u00e3o<\/li>\n\n\n\n<li>Luiz Nishimori (PSD-PR): N\u00e3o<\/li>\n\n\n\n<li>Mersinho Lucena (PSD-PB): N\u00e3o<\/li>\n\n\n\n<li>Misael Varella (PSD-MG): N\u00e3o<\/li>\n\n\n\n<li>Otoni de Paula (PSD-RJ): N\u00e3o<\/li>\n\n\n\n<li>Raimundo Santos (PSD-PA): N\u00e3o<\/li>\n\n\n\n<li>Sandro Alex (PSD-PR): N\u00e3o<\/li>\n\n\n\n<li>Saulo Pedroso (PSD-SP): N\u00e3o<\/li>\n\n\n\n<li>S\u00e9rgio Brito (PSD-BA): N\u00e3o<\/li>\n\n\n\n<li>Stefano Aguiar (PSD-MG): N\u00e3o<\/li>\n\n\n\n<li>Tiririca (PSD-SP): N\u00e3o<\/li>\n\n\n\n<li>Vitor Lippi (PSD-SP): N\u00e3o<\/li>\n\n\n\n<li>Wellington Roberto (PSD-PB): N\u00e3o<\/li>\n\n\n\n<li>Adolfo Viana (PSDB-BA): N\u00e3o<\/li>\n\n\n\n<li>A\u00e9cio Neves (PSDB-MG): N\u00e3o<\/li>\n\n\n\n<li>Antonio Andrade (PSDB-TO): N\u00e3o<\/li>\n\n\n\n<li>Beto Richa (PSDB-PR): N\u00e3o<\/li>\n\n\n\n<li>Daniel Trzeciak (PSDB-RS): N\u00e3o<\/li>\n\n\n\n<li>Jeferson Rodrigues (PSDB-GO): N\u00e3o<\/li>\n\n\n\n<li>Juninho do Pneu (PSDB-RJ): N\u00e3o<\/li>\n\n\n\n<li>Luciano Vieira (PSDB-RJ): N\u00e3o<\/li>\n\n\n\n<li>Murillo Gouvea (PSDB-RJ): N\u00e3o<\/li>\n\n\n\n<li>Pastor Eurico (PSDB-PE): N\u00e3o<\/li>\n\n\n\n<li>Paulo Abi-Ackel (PSDB-MG): N\u00e3o<\/li>\n\n\n\n<li>Paulo Alexandre Barbosa (PSDB-SP): N\u00e3o<\/li>\n\n\n\n<li>Professor Alcides (PSDB-GO): N\u00e3o<\/li>\n\n\n\n<li>Ricardo Abr\u00e3o (PSDB-RJ): N\u00e3o<\/li>\n\n\n\n<li>Vicentinho J\u00fanior (PSDB-TO): N\u00e3o<\/li>\n\n\n\n<li>Albuquerque (Republicanos-RR): N\u00e3o<\/li>\n\n\n\n<li>Aluisio Mendes (Republicanos-MA): N\u00e3o<\/li>\n\n\n\n<li>Beto Pereira (Republicanos-MS): N\u00e3o<\/li>\n\n\n\n<li>Bruno Farias (Republicanos-MG): N\u00e3o<\/li>\n\n\n\n<li>Carlos Gomes (Republicanos-RS): N\u00e3o<\/li>\n\n\n\n<li>Celso Russomanno (Republicanos-SP): N\u00e3o<\/li>\n\n\n\n<li>Diego Coronel (Republicanos-BA): N\u00e3o<\/li>\n\n\n\n<li>Eli Borges (Republicanos-TO): N\u00e3o<\/li>\n\n\n\n<li>Franciane Bayer (Republicanos-RS): N\u00e3o<\/li>\n\n\n\n<li>Fred Linhares (Republicanos-DF): N\u00e3o<\/li>\n\n\n\n<li>Geovania de S\u00e1 (Republicanos-SC): N\u00e3o<\/li>\n\n\n\n<li>Gilberto Abramo (Republicanos-MG): N\u00e3o<\/li>\n\n\n\n<li>Icaro de Valmir (Republicanos-SE): N\u00e3o<\/li>\n\n\n\n<li>Ilacir Bicalho (Republicanos-MG): N\u00e3o<\/li>\n\n\n\n<li>Jadyel Alencar (Republicanos-PI): N\u00e3o<\/li>\n\n\n\n<li>Jo\u00e3o Carlos (Republicanos-AM): N\u00e3o<\/li>\n\n\n\n<li>Jorge Braz (Republicanos-RJ): N\u00e3o<\/li>\n\n\n\n<li>Jorge Goetten (Republicanos-SC): N\u00e3o<\/li>\n\n\n\n<li>Julio Cesar Ribeiro (Republicanos-DF): N\u00e3o<\/li>\n\n\n\n<li>L\u00eada Borges (Republicanos-GO): N\u00e3o<\/li>\n\n\n\n<li>Marcelo Crivella (Republicanos-RJ): N\u00e3o<\/li>\n\n\n\n<li>Marcelo Nilo (Republicanos-BA): N\u00e3o<\/li>\n\n\n\n<li>M\u00e1rcio Marinho (Republicanos-BA): N\u00e3o<\/li>\n\n\n\n<li>Maria Rosas (Republicanos-SP): N\u00e3o<\/li>\n\n\n\n<li>Marussa Boldrin (Republicanos-GO): N\u00e3o<\/li>\n\n\n\n<li>Milton Vieira (Republicanos-SP): N\u00e3o<\/li>\n\n\n\n<li>Pedro Lupion (Republicanos-PR): N\u00e3o<\/li>\n\n\n\n<li>Roberto Duarte (Republicanos-AC): N\u00e3o<\/li>\n\n\n\n<li>Rog\u00e9ria Santos (Republicanos-BA): N\u00e3o<\/li>\n\n\n\n<li>Rosangela Gomes (Republicanos-RJ): N\u00e3o<\/li>\n\n\n\n<li>Thiago de Joaldo (Republicanos-SE): N\u00e3o<\/li>\n\n\n\n<li>Wilson Santiago (Republicanos-PB): N\u00e3o<\/li>\n\n\n\n<li>Aureo Ribeiro (Solidariedade-RJ): N\u00e3o<\/li>\n\n\n\n<li>Eduardo Velloso (Solidariedade-AC): N\u00e3o<\/li>\n\n\n\n<li>M\u00e1rcio Honaiser (Solidariedade-MA): N\u00e3o<\/li>\n\n\n\n<li>Paulinho da For\u00e7a (Solidariedade-SP): N\u00e3o<\/li>\n\n\n\n<li>Vanderlan Alves (Solidariedade-CE): N\u00e3o<\/li>\n\n\n\n<li>Weliton Prado (Solidariedade-MG): N\u00e3o<\/li>\n\n\n\n<li>Alexandre Leite (Uni\u00e3o-SP): N\u00e3o<\/li>\n\n\n\n<li>Aline Gurgel (Uni\u00e3o-AP): N\u00e3o<\/li>\n\n\n\n<li>Arthur Oliveira Maia (Uni\u00e3o-BA): N\u00e3o<\/li>\n\n\n\n<li>Benes Leoc\u00e1dio (Uni\u00e3o-RN): N\u00e3o<\/li>\n\n\n\n<li>Carlos Henrique Gaguim (Uni\u00e3o-TO): N\u00e3o<\/li>\n\n\n\n<li>Coronel Ulysses (Uni\u00e3o-AC): N\u00e3o<\/li>\n\n\n\n<li>Defensor St\u00e9lio Dener (Uni\u00e3o-RR): N\u00e3o<\/li>\n\n\n\n<li>Delegado da Cunha (Uni\u00e3o-SP): N\u00e3o<\/li>\n\n\n\n<li>Delegado Marcelo Freitas (Uni\u00e3o-MG): N\u00e3o<\/li>\n\n\n\n<li>Delegado Matheus Laiola (Uni\u00e3o-PR): N\u00e3o<\/li>\n\n\n\n<li>Diego Garcia (Uni\u00e3o-PR): N\u00e3o<\/li>\n\n\n\n<li>Elmar Nascimento (Uni\u00e3o-BA): N\u00e3o<\/li>\n\n\n\n<li>Fabio Garcia (Uni\u00e3o-MT): N\u00e3o<\/li>\n\n\n\n<li>Fabio Schiochet (Uni\u00e3o-SC): N\u00e3o<\/li>\n\n\n\n<li>Fausto Jr. (Uni\u00e3o-AM): N\u00e3o<\/li>\n\n\n\n<li>Fausto Pinato (Uni\u00e3o-SP): N\u00e3o<\/li>\n\n\n\n<li>Fernando Coelho Filho (Uni\u00e3o-PE): N\u00e3o<\/li>\n\n\n\n<li>Gabriel Mota (Uni\u00e3o-RR): N\u00e3o<\/li>\n\n\n\n<li>Geraldo Mendes (Uni\u00e3o-PR): N\u00e3o<\/li>\n\n\n\n<li>Henderson Pinto (Uni\u00e3o-PA): N\u00e3o<\/li>\n\n\n\n<li>Igor Timo (Uni\u00e3o-MG): N\u00e3o<\/li>\n\n\n\n<li>Jos\u00e9 Rocha (Uni\u00e3o-BA): N\u00e3o<\/li>\n\n\n\n<li>Josivaldo JP (Uni\u00e3o-MA): N\u00e3o<\/li>\n\n\n\n<li>Leur Lomanto J\u00fanior (Uni\u00e3o-BA): N\u00e3o<\/li>\n\n\n\n<li>Luisa Canziani (Uni\u00e3o-PR): N\u00e3o<\/li>\n\n\n\n<li>Luiz Carlos Busato (Uni\u00e3o-RS): N\u00e3o<\/li>\n\n\n\n<li>Marx Beltr\u00e3o (Uni\u00e3o-AL): N\u00e3o<\/li>\n\n\n\n<li>Maur\u00edcio Carvalho (Uni\u00e3o-RO): N\u00e3o<\/li>\n\n\n\n<li>Messias Donato (Uni\u00e3o-ES): N\u00e3o<\/li>\n\n\n\n<li>Pastor Diniz (Uni\u00e3o-RR): N\u00e3o<\/li>\n\n\n\n<li>Paulo Azi (Uni\u00e3o-BA): N\u00e3o<\/li>\n\n\n\n<li>Paulo Litro (Uni\u00e3o-PR): N\u00e3o<\/li>\n\n\n\n<li>Pedro Lucas Fernandes (Uni\u00e3o-MA): N\u00e3o<\/li>\n\n\n\n<li>Rafael Simoes (Uni\u00e3o-MG): N\u00e3o<\/li>\n\n\n\n<li>Rodrigo de Castro (Uni\u00e3o-MG): N\u00e3o<\/li>\n\n\n\n<li>Samuel Viana (Uni\u00e3o-MG): N\u00e3o<\/li>\n\n\n\n<li>Silvye Alves (Uni\u00e3o-GO): N\u00e3o<\/li>\n\n\n\n<li>Thiago Flores (Uni\u00e3o-RO): N\u00e3o<\/li>\n\n\n\n<li>Z\u00e9 Haroldo Cathedral (Uni\u00e3o-RR): N\u00e3o<\/li>\n\n\n\n<li>Z\u00e9 Silva (Uni\u00e3o-MG): N\u00e3o<\/li>\n\n\n\n<li>Neto Carletto (Avante-BA): Absten\u00e7\u00e3o<\/li>\n\n\n\n<li>Socorro Neri (PP-AC): Absten\u00e7\u00e3o<\/li>\n\n\n\n<li>Beto Preto (PSD-PR): Absten\u00e7\u00e3o<\/li>\n\n\n\n<li>Sidney Leite (PSD-AM): Absten\u00e7\u00e3o<\/li>\n\n\n\n<li>Ribeiro Neto (Solidariedade-MA): Absten\u00e7\u00e3o<\/li>\n<\/ul>\n\n\n\n<h2 class=\"wp-block-heading\">Como votou cada senador na derrubada do veto ao PL da dosimetria<\/h2>\n\n\n\n<ul class=\"wp-block-list\">\n<li>Conf\u00facio Moura (MDB-RO): Sim<\/li>\n\n\n\n<li>Marcelo Castro (MDB-PI): Sim<\/li>\n\n\n\n<li>Renan Calheiros (MDB-AL): Sim<\/li>\n\n\n\n<li>Renan Filho (MDB-AL): Sim<\/li>\n\n\n\n<li>Veneziano Vital do R\u00eago (MDB-PB): Sim<\/li>\n\n\n\n<li>Leila Barros (PDT-DF): Sim<\/li>\n\n\n\n<li>Weverton (PDT-MA): Sim<\/li>\n\n\n\n<li>Daniella Ribeiro (PP-PB): Sim<\/li>\n\n\n\n<li>Ana Paula Lobato (PSB-MA): Sim<\/li>\n\n\n\n<li>Soraya Thronicke (PSB-MS): Sim<\/li>\n\n\n\n<li>Carlos F\u00e1varo (PSD-MT): Sim<\/li>\n\n\n\n<li>Eliziane Gama (PSD-MA): Sim<\/li>\n\n\n\n<li>Iraj\u00e1 (PSD-TO): Sim<\/li>\n\n\n\n<li>Otto Alencar (PSD-BA): Sim<\/li>\n\n\n\n<li>Zenaide Maia (PSD-RN): Sim<\/li>\n\n\n\n<li>Beto Faro (PT-PA): Sim<\/li>\n\n\n\n<li>Camilo Santana (PT-CE): Sim<\/li>\n\n\n\n<li>Fabiano Contarato (PT-ES): Sim<\/li>\n\n\n\n<li>Humberto Costa (PT-PE): Sim<\/li>\n\n\n\n<li>Paulo Paim (PT-RS): Sim<\/li>\n\n\n\n<li>Randolfe Rodrigues (PT-AP): Sim<\/li>\n\n\n\n<li>Rog\u00e9rio Carvalho (PT-SE): Sim<\/li>\n\n\n\n<li>Teresa Leit\u00e3o (PT-PE): Sim<\/li>\n\n\n\n<li>Wellington Dias (PT-PI): Sim<\/li>\n\n\n\n<li>Marcos do Val (Avante-ES): N\u00e3o<\/li>\n\n\n\n<li>Alessandro Vieira (MDB-SE): N\u00e3o<\/li>\n\n\n\n<li>Eduardo Braga (MDB-AM): N\u00e3o<\/li>\n\n\n\n<li>Ivete da Silveira (MDB-SC): N\u00e3o<\/li>\n\n\n\n<li>Eduardo Gir\u00e3o (Novo-CE): N\u00e3o<\/li>\n\n\n\n<li>Astronauta Marcos Pontes (PL-SP): N\u00e3o<\/li>\n\n\n\n<li>Carlos Portinho (PL-RJ): N\u00e3o<\/li>\n\n\n\n<li>Eduardo Gomes (PL-TO): N\u00e3o<\/li>\n\n\n\n<li>Efraim Filho (PL-PB): N\u00e3o<\/li>\n\n\n\n<li>Fl\u00e1vio Bolsonaro (PL-RJ): N\u00e3o<\/li>\n\n\n\n<li>Izalci Lucas (PL-DF): N\u00e3o<\/li>\n\n\n\n<li>Jaime Bagattoli (PL-RO): N\u00e3o<\/li>\n\n\n\n<li>Jorge Seif (PL-SC): N\u00e3o<\/li>\n\n\n\n<li>Magno Malta (PL-ES): N\u00e3o<\/li>\n\n\n\n<li>M\u00e1rcio Bitar (PL-AC): N\u00e3o<\/li>\n\n\n\n<li>Marcos Rog\u00e9rio (PL-RO): N\u00e3o<\/li>\n\n\n\n<li>Rog\u00e9rio Marinho (PL-RN): N\u00e3o<\/li>\n\n\n\n<li>Rom\u00e1rio (PL-RJ): N\u00e3o<\/li>\n\n\n\n<li>Sergio Moro (PL-PR): N\u00e3o<\/li>\n\n\n\n<li>Wellington Fagundes (PL-MT): N\u00e3o<\/li>\n\n\n\n<li>Wilder Morais (PL-GO): N\u00e3o<\/li>\n\n\n\n<li>Styvenson Valentim (Podemos-RN): N\u00e3o<\/li>\n\n\n\n<li>Zequinha Marinho (Podemos-PA): N\u00e3o<\/li>\n\n\n\n<li>Ciro Nogueira (PP-PI): N\u00e3o<\/li>\n\n\n\n<li>Dr. Hiran (PP-RR): N\u00e3o<\/li>\n\n\n\n<li>Esperidi\u00e3o Amin (PP-SC): N\u00e3o<\/li>\n\n\n\n<li>La\u00e9rcio Oliveira (PP-SE): N\u00e3o<\/li>\n\n\n\n<li>Luis Carlos Heinze (PP-RS): N\u00e3o<\/li>\n\n\n\n<li>Tereza Cristina (PP-MS): N\u00e3o<\/li>\n\n\n\n<li>Chico Rodrigues (PSB-RR): N\u00e3o<\/li>\n\n\n\n<li>Flavio Arns (PSB-PR): N\u00e3o<\/li>\n\n\n\n<li>Jorge Kajuru (PSB-GO): N\u00e3o<\/li>\n\n\n\n<li>Carlos Viana (PSD-MG): N\u00e3o<\/li>\n\n\n\n<li>Fernando Dueire (PSD-PE): N\u00e3o<\/li>\n\n\n\n<li>Lucas Barreto (PSD-AP): N\u00e3o<\/li>\n\n\n\n<li>Nelsinho Trad (PSD-MS): N\u00e3o<\/li>\n\n\n\n<li>Omar Aziz (PSD-AM): N\u00e3o<\/li>\n\n\n\n<li>S\u00e9rgio Petec\u00e3o (PSD-AC): N\u00e3o<\/li>\n\n\n\n<li>Vanderlan Cardoso (PSD-GO): N\u00e3o<\/li>\n\n\n\n<li>Dra. Eud\u00f3cia Caldas (PSDB-AL): N\u00e3o<\/li>\n\n\n\n<li>Oriovisto Guimar\u00e3es (PSDB-PR): N\u00e3o<\/li>\n\n\n\n<li>Pl\u00ednio Val\u00e9rio (PSDB-AM): N\u00e3o<\/li>\n\n\n\n<li>Alan Rick (Republicanos-AC): N\u00e3o<\/li>\n\n\n\n<li>\u00c2ngelo Coronel (Republicanos-BA): N\u00e3o<\/li>\n\n\n\n<li>Cleitinho (Republicanos-MG): N\u00e3o<\/li>\n\n\n\n<li>Damares Alves (Republicanos-DF): N\u00e3o<\/li>\n\n\n\n<li>Roberta Acioly (Republicanos-RR): N\u00e3o<\/li>\n\n\n\n<li>Jayme Campos (Uni\u00e3o-MT): N\u00e3o<\/li>\n\n\n\n<li>Professora Dorinha Seabra (Uni\u00e3o-TO): N\u00e3o<\/li>\n\n\n\n<li>Davi Alcolumbre (Uni\u00e3o-AP): Art. 51<\/li>\n<\/ul>\n\n\n\n<h6 class=\"wp-block-heading\">Fonte  Agazeta do povo- <strong>Por\u00a0<a href=\"https:\/\/www.gazetadopovo.com.br\/autor\/camila-abrao\/\">Camila Abr\u00e3o<\/a><\/strong> &#8211; 30\/04\/2026 \u00e0s 16:17 Atualizado<\/h6>\n\n\n\n<p><\/p>\n<div class=\"jorna-rodape jorna-entity-placement\" id=\"jorna-3798984575\"><div id=\"jorna-288728221\"><a href=\"https:\/\/gkscontabilidade.com\/\" aria-label=\"GKS Contabilidade\"><img src=\"https:\/\/jornalvaleevangelico.com.br\/wp-content\/uploads\/2023\/05\/GKS-Contabilidade.jpeg\" alt=\"\"  srcset=\"https:\/\/jornalvaleevangelico.com.br\/wp-content\/uploads\/2023\/05\/GKS-Contabilidade.jpeg 1600w, https:\/\/jornalvaleevangelico.com.br\/wp-content\/uploads\/2023\/05\/GKS-Contabilidade-300x65.jpeg 300w, https:\/\/jornalvaleevangelico.com.br\/wp-content\/uploads\/2023\/05\/GKS-Contabilidade-1024x223.jpeg 1024w, https:\/\/jornalvaleevangelico.com.br\/wp-content\/uploads\/2023\/05\/GKS-Contabilidade-768x168.jpeg 768w, https:\/\/jornalvaleevangelico.com.br\/wp-content\/uploads\/2023\/05\/GKS-Contabilidade-1536x335.jpeg 1536w\" sizes=\"(max-width: 1600px) 100vw, 1600px\" width=\"1600\" height=\"349\"   \/><\/a><\/div><\/div>","protected":false},"excerpt":{"rendered":"<p>Oposi\u00e7\u00e3o comemora derrubada de veto ao PL da Dosimetria em sess\u00e3o do Congresso nesta quinta-feira&#8230;<\/p>\n","protected":false},"author":2,"featured_media":47128,"comment_status":"open","ping_status":"open","sticky":false,"template":"","format":"standard","meta":{"_mi_skip_tracking":false,"_monsterinsights_sitenote_active":false,"_monsterinsights_sitenote_note":"","_monsterinsights_sitenote_category":0,"footnotes":""},"categories":[1],"tags":[],"class_list":["post-47127","post","type-post","status-publish","format-standard","has-post-thumbnail","hentry","category-sem-categoria"],"_links":{"self":[{"href":"https:\/\/jornalvaleevangelico.com.br\/index.php\/wp-json\/wp\/v2\/posts\/47127","targetHints":{"allow":["GET"]}}],"collection":[{"href":"https:\/\/jornalvaleevangelico.com.br\/index.php\/wp-json\/wp\/v2\/posts"}],"about":[{"href":"https:\/\/jornalvaleevangelico.com.br\/index.php\/wp-json\/wp\/v2\/types\/post"}],"author":[{"embeddable":true,"href":"https:\/\/jornalvaleevangelico.com.br\/index.php\/wp-json\/wp\/v2\/users\/2"}],"replies":[{"embeddable":true,"href":"https:\/\/jornalvaleevangelico.com.br\/index.php\/wp-json\/wp\/v2\/comments?post=47127"}],"version-history":[{"count":2,"href":"https:\/\/jornalvaleevangelico.com.br\/index.php\/wp-json\/wp\/v2\/posts\/47127\/revisions"}],"predecessor-version":[{"id":47131,"href":"https:\/\/jornalvaleevangelico.com.br\/index.php\/wp-json\/wp\/v2\/posts\/47127\/revisions\/47131"}],"wp:featuredmedia":[{"embeddable":true,"href":"https:\/\/jornalvaleevangelico.com.br\/index.php\/wp-json\/wp\/v2\/media\/47128"}],"wp:attachment":[{"href":"https:\/\/jornalvaleevangelico.com.br\/index.php\/wp-json\/wp\/v2\/media?parent=47127"}],"wp:term":[{"taxonomy":"category","embeddable":true,"href":"https:\/\/jornalvaleevangelico.com.br\/index.php\/wp-json\/wp\/v2\/categories?post=47127"},{"taxonomy":"post_tag","embeddable":true,"href":"https:\/\/jornalvaleevangelico.com.br\/index.php\/wp-json\/wp\/v2\/tags?post=47127"}],"curies":[{"name":"wp","href":"https:\/\/api.w.org\/{rel}","templated":true}]}}