{"id":48921,"date":"2026-08-31T09:43:30","date_gmt":"2026-08-31T12:43:30","guid":{"rendered":"https:\/\/jornalvaleevangelico.com.br\/?p=48921"},"modified":"2026-08-31T09:45:37","modified_gmt":"2026-08-31T12:45:37","slug":"datas-154-155-156-a-gosto-e-setembrina-colecao","status":"publish","type":"post","link":"https:\/\/jornalvaleevangelico.com.br\/index.php\/2026\/08\/31\/datas-154-155-156-a-gosto-e-setembrina-colecao\/","title":{"rendered":"Datas-154\/155\/156 \u2013 a gosto, e setembrina cole\u00e7\u00e3o."},"content":{"rendered":"\n<h2 class=\"wp-block-heading\">Duas datas, e, setembrinas com\/o conscientiza\u00e7\u00e3o\u2026<\/h2>\n\n\n\n<ul class=\"wp-block-list\">\n<li>Veremos uma das datas deste 30\/8, uma das comemora\u00e7\u00f5es, ou melhor, conscientiza\u00e7\u00f5es do primeiro dia de setembro (1.\u00ba\/9), e, finalmente, as cores de conscientiza\u00e7\u00f5es setembrinas.<\/li>\n<\/ul>\n\n\n\n<p>1 &#8211; 30\/8 \/ Dia Nacional do Perd\u00e3o:<\/p>\n\n\n\n<p>Neste pen\u00faltimo dia de agosto, a gosto, relembro-me das palavras do te\u00f3logo e fil\u00f3sofo Fran\u00e7ois HUBERT Jean Emile LEPARGNEUR (12\/5\/1925-7\/1\/2020), que mencionando a escatologia \u2013 doutrina (b\u00edblica!) das \u00faltimas cousas(!!!) \u2013 prop\u00f4s que precisamos dos estudos das pen\u00faltimas cousas; e eu diria que al\u00e9m da ortodoxia (doutrina certa!) precisamos, tamb\u00e9m, da ortopraxia (pr\u00e1tica certa!!!), logo, precisamos das pen\u00faltimas pr\u00e1ticas, estando dentre elas o perd\u00e3o! E que este \u201cDia Nacional do Perd\u00e3o\u201d seja o dia individual e eclesial (ou congregacional!) do perd\u00e3o!!! \u2013 Acima de palavras de fil\u00f3sofos ou te\u00f3logos, O MESTRE dOs mestres exige o perd\u00e3o (Mt 6.14-15).<\/p>\n\n\n\n<p>2 &#8211; 1.\u00ba\/9 \/ Dia Mundial de Ora\u00e7\u00e3o pelo Cuidado da Cria\u00e7\u00e3o:<\/p>\n\n\n\n<p>Depois de amanh\u00e3, 1.\u00ba setembrino, comemoraremos o \u201cDia Mundial de Ora\u00e7\u00e3o pelo Cuidado da Cria\u00e7\u00e3o\u201d; o ensinamento da ora\u00e7\u00e3o tem de ser ortodoxo (de doutrina certa!) e a a\u00e7\u00e3o de orar deve ser &#8220;ortopraxa&#8221; (de pr\u00e1tica certa!!!), logo, mais que orar pelo cuidado com a cria\u00e7\u00e3o maravilhosa que Deus deixou para n\u00f3s, precisamos de ter pr\u00e1tica de cuidado para com toda este planeta Terra, que geme dores de parto ou ang\u00fastia, como O Esp\u00edrito Santo inspirou Paulo a registrar (Rm 8.22, nas vers\u00f5es Corrigida e Atualizada, respectivamente).<\/p>\n\n\n\n<p>3 &#8211; 1.\u00ba-30\/9 \/ Os meses agora est\u00e3o com cole\u00e7\u00e3o de cores para a Conscientiza\u00e7\u00e3o:<\/p>\n\n\n\n<p>Atualmente, os meses est\u00e3o tendo cores para conscientiza\u00e7\u00f5es de cuidados com a sa\u00fade; vejamos tais cores, setembrinas. E, principalmente, li\u00e7\u00f5es para o espiritual.<\/p>\n\n\n\n<p>3.1 &#8211; Cuidado na vida dos que est\u00e3o a principiando \u2013<\/p>\n\n\n\n<p>A cor DOURADA \u00e9 um \u201cAlerta para o diagn\u00f3stico precoce do c\u00e2ncer infantojuvenil.\u201d.<\/p>\n\n\n\n<p>\u2013 Li\u00e7\u00e3o: temos de cuidar, primeiramente, da sa\u00fade espiritual dos menores de idade (Pv 22.6).<\/p>\n\n\n\n<p>3.2 &#8211; Cuidado para a preven\u00e7\u00e3o de doen\u00e7as galgando \u2013<\/p>\n\n\n\n<p>A cor VERDE \u00e9 \u201cIncentivo \u00e0 doa\u00e7\u00e3o de \u00f3rg\u00e3os e preven\u00e7\u00e3o ao c\u00e2ncer de intestino.\u201d. E a cor VERMELHA \u00e9 \u201cConscientiza\u00e7\u00e3o e preven\u00e7\u00e3o de doen\u00e7as cardiovasculares.\u201d.<\/p>\n\n\n\n<p>\u2013 Li\u00e7\u00e3o: temos de cuidar, acima de tudo, para as preven\u00e7\u00f5es da doen\u00e7a pior, que \u00e9 o pecado (1 Co 11.30).<\/p>\n\n\n\n<p>3.3 &#8211; Cuidado para os tr\u00eas problemas infracitados doando \u2013<\/p>\n\n\n\n<p>A cor AZUL \u00e9 para \u201cVisibilidade da comunidade surda e conscientiza\u00e7\u00e3o sobre acessibilidade.\u201d. A cor ROXA ou LIL\u00c1S, para \u201cConscientiza\u00e7\u00e3o sobre a fibrose c\u00edstica e a doen\u00e7a de Alzheimer.\u201d. E a cor AMARELA \u00e9 \u201cPreven\u00e7\u00e3o ao suic\u00eddio.\u201d<\/p>\n\n\n\n<p>\u2013 Li\u00e7\u00e3o: temos de cuidar, em primeiro lugar, dos surdos e dos doentes espirituais, e, daqueles que aos poucos muito se \u201csuicidam\u201d espiritualmente (Hb 2.1-4).<\/p>\n\n\n\n<p>Que cuidemos da vida f\u00edsica e mental, respectivamente para preven\u00e7\u00f5es de doen\u00e7a e do suic\u00eddio, e, mais, que priorizemos o cuidado com nossa sa\u00fade espiritual.<\/p>\n\n\n\n<ul class=\"wp-block-list\">\n<li>Que todo o dia seja de perd\u00e3o, de preven\u00e7\u00f5es \u2013 acima de tudo, no espiritual! \u2013 e de ora\u00e7\u00f5es, e, tambem, de pr\u00e1ticas de cuidado para com este planeta Terra, que sofre, cada vez mais!!!<\/li>\n<\/ul>\n\n\n\n<p>Cuidemos sobre tudo, sobretudo, da espiritual preven\u00e7\u00e3o\u2026<\/p>\n\n\n\n<p>Celso de Medeiros Costa, pr.-dr., grato por tua precios&#8217;aten\u00e7\u00e3o.<\/p>\n<div class=\"jorna-rodape jorna-entity-placement\" id=\"jorna-323803150\"><div id=\"jorna-2153945031\"><a href=\"https:\/\/gkscontabilidade.com\/\" aria-label=\"GKS Contabilidade\"><img src=\"https:\/\/jornalvaleevangelico.com.br\/wp-content\/uploads\/2023\/05\/GKS-Contabilidade.jpeg\" alt=\"\"  srcset=\"https:\/\/jornalvaleevangelico.com.br\/wp-content\/uploads\/2023\/05\/GKS-Contabilidade.jpeg 1600w, https:\/\/jornalvaleevangelico.com.br\/wp-content\/uploads\/2023\/05\/GKS-Contabilidade-300x65.jpeg 300w, https:\/\/jornalvaleevangelico.com.br\/wp-content\/uploads\/2023\/05\/GKS-Contabilidade-1024x223.jpeg 1024w, https:\/\/jornalvaleevangelico.com.br\/wp-content\/uploads\/2023\/05\/GKS-Contabilidade-768x168.jpeg 768w, https:\/\/jornalvaleevangelico.com.br\/wp-content\/uploads\/2023\/05\/GKS-Contabilidade-1536x335.jpeg 1536w\" sizes=\"(max-width: 1600px) 100vw, 1600px\" width=\"1600\" height=\"349\"   \/><\/a><\/div><\/div>","protected":false},"excerpt":{"rendered":"<p>Duas datas, e, setembrinas com\/o conscientiza\u00e7\u00e3o\u2026 1 &#8211; 30\/8 \/ Dia Nacional do Perd\u00e3o: Neste&#8230;<\/p>\n","protected":false},"author":2,"featured_media":48189,"comment_status":"open","ping_status":"open","sticky":false,"template":"","format":"standard","meta":{"_mi_skip_tracking":false,"_monsterinsights_sitenote_active":false,"_monsterinsights_sitenote_note":"","_monsterinsights_sitenote_category":0,"footnotes":""},"categories":[3,15],"tags":[],"class_list":["post-48921","post","type-post","status-publish","format-standard","has-post-thumbnail","hentry","category-artigo","category-mundo-cristao"],"_links":{"self":[{"href":"https:\/\/jornalvaleevangelico.com.br\/index.php\/wp-json\/wp\/v2\/posts\/48921","targetHints":{"allow":["GET"]}}],"collection":[{"href":"https:\/\/jornalvaleevangelico.com.br\/index.php\/wp-json\/wp\/v2\/posts"}],"about":[{"href":"https:\/\/jornalvaleevangelico.com.br\/index.php\/wp-json\/wp\/v2\/types\/post"}],"author":[{"embeddable":true,"href":"https:\/\/jornalvaleevangelico.com.br\/index.php\/wp-json\/wp\/v2\/users\/2"}],"replies":[{"embeddable":true,"href":"https:\/\/jornalvaleevangelico.com.br\/index.php\/wp-json\/wp\/v2\/comments?post=48921"}],"version-history":[{"count":1,"href":"https:\/\/jornalvaleevangelico.com.br\/index.php\/wp-json\/wp\/v2\/posts\/48921\/revisions"}],"predecessor-version":[{"id":48922,"href":"https:\/\/jornalvaleevangelico.com.br\/index.php\/wp-json\/wp\/v2\/posts\/48921\/revisions\/48922"}],"wp:featuredmedia":[{"embeddable":true,"href":"https:\/\/jornalvaleevangelico.com.br\/index.php\/wp-json\/wp\/v2\/media\/48189"}],"wp:attachment":[{"href":"https:\/\/jornalvaleevangelico.com.br\/index.php\/wp-json\/wp\/v2\/media?parent=48921"}],"wp:term":[{"taxonomy":"category","embeddable":true,"href":"https:\/\/jornalvaleevangelico.com.br\/index.php\/wp-json\/wp\/v2\/categories?post=48921"},{"taxonomy":"post_tag","embeddable":true,"href":"https:\/\/jornalvaleevangelico.com.br\/index.php\/wp-json\/wp\/v2\/tags?post=48921"}],"curies":[{"name":"wp","href":"https:\/\/api.w.org\/{rel}","templated":true}]}}