{"id":48926,"date":"2026-08-31T10:33:17","date_gmt":"2026-08-31T13:33:17","guid":{"rendered":"https:\/\/jornalvaleevangelico.com.br\/?p=48926"},"modified":"2026-08-31T10:33:18","modified_gmt":"2026-08-31T13:33:18","slug":"lula-diz-que-ser-lixeiro-nao-da-orgulho-coisa-pobre","status":"publish","type":"post","link":"https:\/\/jornalvaleevangelico.com.br\/index.php\/2026\/08\/31\/lula-diz-que-ser-lixeiro-nao-da-orgulho-coisa-pobre\/","title":{"rendered":"Lula diz que ser lixeiro n\u00e3o d\u00e1 orgulho: \u201cCoisa pobre\u201d"},"content":{"rendered":"\n<h2 class=\"wp-block-heading\">Presidente falou da invisibilidade da profiss\u00e3o<\/h2>\n\n\n\n<p>Neste s\u00e1bado (29) o presidente Luiz In\u00e1cio Lula da Silva (PT) participou do ato nacional Mulheres com Lula, em Belo Horizonte (MG). Durante o encontro, o candidato \u00e0 reelei\u00e7\u00e3o comparou os trabalhadores da coleta de lixo e da limpeza urbana com outros profiss\u00f5es.<\/p>\n\n\n\n<p>\u2013 Eu, quando eu passo na rua e eu vejo aquelas pessoas que trabalham colhendo lixo, \u00e9 uma profiss\u00e3o muito pobre, porque n\u00e3o \u00e9 uma profiss\u00e3o que d\u00e1 orgulho [falar que \u00e9] \u201cEu sou lixeiro\u201d. O cara tem orgulho de falar, \u201ceu sou engenheiro\u201d, \u201ceu sou m\u00e9dico\u201d. Mas lixeiro \u00e9 uma coisa pobre de quem n\u00e3o pode estudar \u2013 declarou.<\/p>\n\n\n\n<p>Em seguida, Lula fez uma reflex\u00e3o de que o trabalho desses profissionais s\u00f3 ganha visibilidade quando o servi\u00e7o deixa de ser feito. Ele lembrou que, sem a coleta de lixo, a popula\u00e7\u00e3o rapidamente perceberia a import\u00e2ncia da atividade.<\/p>\n\n\n\n<p>\u2013 Eu fico pensando se aquelas pessoas que fazem a limpeza na rua soubessem a import\u00e2ncia do trabalho deles, se eles soubessem que se eles n\u00e3o tirarem lixo durante uma semana, as pessoas que n\u00e3o enxergam ele durante o dia inteiro v\u00e3o passar a enxergar \u2013 disse.<\/p>\n\n\n\n<h6 class=\"wp-block-heading\">Pleno.News &#8211;\u00a029\/08\/2026\u00a020h50 | atualizado em 29\/08\/2026 21h18<\/h6>\n\n\n\n<p><\/p>\n<div class=\"jorna-rodape jorna-entity-placement\" id=\"jorna-4249349935\"><div id=\"jorna-1671200662\"><a href=\"https:\/\/gkscontabilidade.com\/\" aria-label=\"GKS Contabilidade\"><img src=\"https:\/\/jornalvaleevangelico.com.br\/wp-content\/uploads\/2023\/05\/GKS-Contabilidade.jpeg\" alt=\"\"  srcset=\"https:\/\/jornalvaleevangelico.com.br\/wp-content\/uploads\/2023\/05\/GKS-Contabilidade.jpeg 1600w, https:\/\/jornalvaleevangelico.com.br\/wp-content\/uploads\/2023\/05\/GKS-Contabilidade-300x65.jpeg 300w, https:\/\/jornalvaleevangelico.com.br\/wp-content\/uploads\/2023\/05\/GKS-Contabilidade-1024x223.jpeg 1024w, https:\/\/jornalvaleevangelico.com.br\/wp-content\/uploads\/2023\/05\/GKS-Contabilidade-768x168.jpeg 768w, https:\/\/jornalvaleevangelico.com.br\/wp-content\/uploads\/2023\/05\/GKS-Contabilidade-1536x335.jpeg 1536w\" sizes=\"(max-width: 1600px) 100vw, 1600px\" width=\"1600\" height=\"349\"   \/><\/a><\/div><\/div>","protected":false},"excerpt":{"rendered":"<p>Presidente falou da invisibilidade da profiss\u00e3o Neste s\u00e1bado (29) o presidente Luiz In\u00e1cio Lula da&#8230;<\/p>\n","protected":false},"author":2,"featured_media":48927,"comment_status":"open","ping_status":"open","sticky":false,"template":"","format":"standard","meta":{"_mi_skip_tracking":false,"_monsterinsights_sitenote_active":false,"_monsterinsights_sitenote_note":"","_monsterinsights_sitenote_category":0,"footnotes":""},"categories":[2,13],"tags":[],"class_list":["post-48926","post","type-post","status-publish","format-standard","has-post-thumbnail","hentry","category-noticia","category-politica"],"_links":{"self":[{"href":"https:\/\/jornalvaleevangelico.com.br\/index.php\/wp-json\/wp\/v2\/posts\/48926","targetHints":{"allow":["GET"]}}],"collection":[{"href":"https:\/\/jornalvaleevangelico.com.br\/index.php\/wp-json\/wp\/v2\/posts"}],"about":[{"href":"https:\/\/jornalvaleevangelico.com.br\/index.php\/wp-json\/wp\/v2\/types\/post"}],"author":[{"embeddable":true,"href":"https:\/\/jornalvaleevangelico.com.br\/index.php\/wp-json\/wp\/v2\/users\/2"}],"replies":[{"embeddable":true,"href":"https:\/\/jornalvaleevangelico.com.br\/index.php\/wp-json\/wp\/v2\/comments?post=48926"}],"version-history":[{"count":1,"href":"https:\/\/jornalvaleevangelico.com.br\/index.php\/wp-json\/wp\/v2\/posts\/48926\/revisions"}],"predecessor-version":[{"id":48928,"href":"https:\/\/jornalvaleevangelico.com.br\/index.php\/wp-json\/wp\/v2\/posts\/48926\/revisions\/48928"}],"wp:featuredmedia":[{"embeddable":true,"href":"https:\/\/jornalvaleevangelico.com.br\/index.php\/wp-json\/wp\/v2\/media\/48927"}],"wp:attachment":[{"href":"https:\/\/jornalvaleevangelico.com.br\/index.php\/wp-json\/wp\/v2\/media?parent=48926"}],"wp:term":[{"taxonomy":"category","embeddable":true,"href":"https:\/\/jornalvaleevangelico.com.br\/index.php\/wp-json\/wp\/v2\/categories?post=48926"},{"taxonomy":"post_tag","embeddable":true,"href":"https:\/\/jornalvaleevangelico.com.br\/index.php\/wp-json\/wp\/v2\/tags?post=48926"}],"curies":[{"name":"wp","href":"https:\/\/api.w.org\/{rel}","templated":true}]}}