{"id":48932,"date":"2026-08-31T11:33:28","date_gmt":"2026-08-31T14:33:28","guid":{"rendered":"https:\/\/jornalvaleevangelico.com.br\/?p=48932"},"modified":"2026-08-31T11:33:29","modified_gmt":"2026-08-31T14:33:29","slug":"justica-ordena-presidente-da-colombia-a-se-desculpar-por-ato-religioso-em-posse","status":"publish","type":"post","link":"https:\/\/jornalvaleevangelico.com.br\/index.php\/2026\/08\/31\/justica-ordena-presidente-da-colombia-a-se-desculpar-por-ato-religioso-em-posse\/","title":{"rendered":"Justi\u00e7a ordena presidente da Col\u00f4mbia a se desculpar por ato religioso em posse"},"content":{"rendered":"\n<h2 class=\"wp-block-heading\">Abelardo de la Espriella tomou posse em uma cerim\u00f4nia com ora\u00e7\u00f5es, louvores e discursos de l\u00edderes religiosos.<a href=\"https:\/\/www.facebook.com\/sharer\/sharer.php?u=https:\/\/guiame.com.br\/gospel\/noticias\/justica-ordena-presidente-da-colombia-se-desculpar-por-ato-religioso-em-posse.html\" target=\"_blank\" rel=\"noreferrer noopener\"><\/a><\/h2>\n\n\n\n<p>A Justi\u00e7a ordenou que o presidente da&nbsp;<a href=\"https:\/\/guiame.com.br\/gospel\/mundo-cristao\/jogador-cristao-lidera-oracao-por-vitimas-de-terremoto-diante-de-35-mil-pessoas-na-colombia.html\"><strong>Col\u00f4mbia<\/strong><\/a>, Abelardo de la Espriella, se desculpe por suposta viola\u00e7\u00e3o ao Estado laico ap\u00f3s fazer ato religioso durante sua&nbsp;<a href=\"https:\/\/guiame.com.br\/gospel\/noticias\/pastor-ora-em-posse-do-presidente-de-el-salvador-deus-dara-vitoria-sobre-seus-inimigos.html\"><strong>cerim\u00f4nia de posse<\/strong><\/a>.<\/p>\n\n\n\n<p>O&nbsp;<a href=\"https:\/\/guiame.com.br\/gospel\/noticias\/cristaos-oram-nas-ruas-de-el-salvador-apos-presidente-decretar-dia-de-oracao.html\"><strong>presidente<\/strong><\/a>, que \u00e9 cat\u00f3lico e conservador, tomou posse em 7 de agosto em uma cerim\u00f4nia na cidade de Cali.<\/p>\n\n\n\n<p>O evento contou com ora\u00e7\u00f5es, louvores e discursos de tr\u00eas l\u00edderes religiosos: um pastor, um rabino e um padre.<\/p>\n\n\n\n<p>O rabino David Michaan citou vers\u00edculos do Antigo Testamento e falou sobre Israel. Em seguida, o pastor Eduardo Ca\u00f1as Estrada e o monsenhor Francisco M\u00fanera discursaram, pedindo o fim dos ataques terroristas, mais seguran\u00e7a e a uni\u00e3o no pa\u00eds.<\/p>\n\n\n\n<p>Com a presen\u00e7a de membros do Congresso, autoridades nacionais e representantes internacionais, a cerim\u00f4nia tamb\u00e9m contou com uma imagem da Virgem Maria.<\/p>\n\n\n\n<p>O Quinto Tribunal do Trabalho do Circuito de Bogot\u00e1 determinou que o presidente se desculpasse com o povo colombiano por ter inclu\u00eddo elementos religiosos em sua posse.<\/p>\n\n\n\n<p>Na senten\u00e7a, que ainda pode ser contestada, o juiz ordenou que Abelardo se retrate &#8220;em um pronunciamento em r\u00e1dio e televis\u00e3o a ser transmitido na ter\u00e7a-feira, 30 de setembro de 2026 por ter violado a neutralidade religiosa do Estado&#8221;.<\/p>\n\n\n\n<p>A a\u00e7\u00e3o tamb\u00e9m estabeleceu que o presidente colombiano n\u00e3o deve &#8220;se envolver em condutas que revelem sua filia\u00e7\u00e3o \u00e0 Igreja Cat\u00f3lica ou a qualquer outra f\u00e9 espec\u00edfica&#8221;.<\/p>\n\n\n\n<p>Al\u00e9m disso, o juiz decretou que Abelardo de la Espriella emita uma diretriz presidencial &#8220;ordenando aos servidores p\u00fablicos que respeitem e garantam o respeito \u00e0 neutralidade religiosa do Estado em todas as a\u00e7\u00f5es que realizarem no exerc\u00edcio de suas fun\u00e7\u00f5es&#8221;.<\/p>\n\n\n\n<p>A senten\u00e7a determina tamb\u00e9m que o presidente do Congresso, senador Honorio Henr\u00edquez, se desculpe com a Col\u00f4mbia &#8220;por ter violado a neutralidade religiosa do Estado durante a posse presidencial oficial&#8221;, j\u00e1 que a posse presidencial ocorreu durante uma sess\u00e3o do Poder Legislativo.<\/p>\n\n\n\n<p>De la Espriella costuma falar sobre sua f\u00e9 em Deus publicamente. Nas redes sociais, o presidente j\u00e1 compartilhou sua participa\u00e7\u00e3o em um retiro e v\u00eddeos que mostram ele orando.<\/p>\n\n\n\n<p><\/p>\n<div class=\"jorna-rodape jorna-entity-placement\" id=\"jorna-378471690\"><div id=\"jorna-2886983614\"><a href=\"https:\/\/gkscontabilidade.com\/\" aria-label=\"GKS Contabilidade\"><img src=\"https:\/\/jornalvaleevangelico.com.br\/wp-content\/uploads\/2023\/05\/GKS-Contabilidade.jpeg\" alt=\"\"  srcset=\"https:\/\/jornalvaleevangelico.com.br\/wp-content\/uploads\/2023\/05\/GKS-Contabilidade.jpeg 1600w, https:\/\/jornalvaleevangelico.com.br\/wp-content\/uploads\/2023\/05\/GKS-Contabilidade-300x65.jpeg 300w, https:\/\/jornalvaleevangelico.com.br\/wp-content\/uploads\/2023\/05\/GKS-Contabilidade-1024x223.jpeg 1024w, https:\/\/jornalvaleevangelico.com.br\/wp-content\/uploads\/2023\/05\/GKS-Contabilidade-768x168.jpeg 768w, https:\/\/jornalvaleevangelico.com.br\/wp-content\/uploads\/2023\/05\/GKS-Contabilidade-1536x335.jpeg 1536w\" sizes=\"(max-width: 1600px) 100vw, 1600px\" width=\"1600\" height=\"349\"   \/><\/a><\/div><\/div>","protected":false},"excerpt":{"rendered":"<p>Abelardo de la Espriella tomou posse em uma cerim\u00f4nia com ora\u00e7\u00f5es, louvores e discursos de&#8230;<\/p>\n","protected":false},"author":2,"featured_media":48933,"comment_status":"open","ping_status":"open","sticky":false,"template":"","format":"standard","meta":{"_mi_skip_tracking":false,"_monsterinsights_sitenote_active":false,"_monsterinsights_sitenote_note":"","_monsterinsights_sitenote_category":0,"footnotes":""},"categories":[8,2,13],"tags":[],"class_list":["post-48932","post","type-post","status-publish","format-standard","has-post-thumbnail","hentry","category-internacional","category-noticia","category-politica"],"_links":{"self":[{"href":"https:\/\/jornalvaleevangelico.com.br\/index.php\/wp-json\/wp\/v2\/posts\/48932","targetHints":{"allow":["GET"]}}],"collection":[{"href":"https:\/\/jornalvaleevangelico.com.br\/index.php\/wp-json\/wp\/v2\/posts"}],"about":[{"href":"https:\/\/jornalvaleevangelico.com.br\/index.php\/wp-json\/wp\/v2\/types\/post"}],"author":[{"embeddable":true,"href":"https:\/\/jornalvaleevangelico.com.br\/index.php\/wp-json\/wp\/v2\/users\/2"}],"replies":[{"embeddable":true,"href":"https:\/\/jornalvaleevangelico.com.br\/index.php\/wp-json\/wp\/v2\/comments?post=48932"}],"version-history":[{"count":1,"href":"https:\/\/jornalvaleevangelico.com.br\/index.php\/wp-json\/wp\/v2\/posts\/48932\/revisions"}],"predecessor-version":[{"id":48934,"href":"https:\/\/jornalvaleevangelico.com.br\/index.php\/wp-json\/wp\/v2\/posts\/48932\/revisions\/48934"}],"wp:featuredmedia":[{"embeddable":true,"href":"https:\/\/jornalvaleevangelico.com.br\/index.php\/wp-json\/wp\/v2\/media\/48933"}],"wp:attachment":[{"href":"https:\/\/jornalvaleevangelico.com.br\/index.php\/wp-json\/wp\/v2\/media?parent=48932"}],"wp:term":[{"taxonomy":"category","embeddable":true,"href":"https:\/\/jornalvaleevangelico.com.br\/index.php\/wp-json\/wp\/v2\/categories?post=48932"},{"taxonomy":"post_tag","embeddable":true,"href":"https:\/\/jornalvaleevangelico.com.br\/index.php\/wp-json\/wp\/v2\/tags?post=48932"}],"curies":[{"name":"wp","href":"https:\/\/api.w.org\/{rel}","templated":true}]}}