{"id":48935,"date":"2026-08-31T13:58:21","date_gmt":"2026-08-31T16:58:21","guid":{"rendered":"https:\/\/jornalvaleevangelico.com.br\/?p=48935"},"modified":"2026-08-31T13:58:22","modified_gmt":"2026-08-31T16:58:22","slug":"lei-sancionada-por-lula-pode-reduzir-em-ate-r-166-bilhoes-recursos-para-saude-e-educacao-em-2027","status":"publish","type":"post","link":"https:\/\/jornalvaleevangelico.com.br\/index.php\/2026\/08\/31\/lei-sancionada-por-lula-pode-reduzir-em-ate-r-166-bilhoes-recursos-para-saude-e-educacao-em-2027\/","title":{"rendered":"Lei sancionada por Lula pode reduzir em at\u00e9 R$ 16,6 bilh\u00f5es recursos para sa\u00fade e educa\u00e7\u00e3o em 2027"},"content":{"rendered":"\n<h2 class=\"wp-block-heading\"><strong>Lei Complementar 235, sancionada sem vetos em 27 de agosto, altera regras de c\u00e1lculo e permite antecipa\u00e7\u00e3o de recursos que estavam previstos para as duas \u00e1reas; estimativa \u00e9 de economistas<\/strong><\/h2>\n\n\n\n<p>O presidente Luiz In\u00e1cio Lula da Silva sancionou, sem vetos, em 27 de agosto de 2026, a Lei Complementar 235, que estabelece mudan\u00e7as nas regras fiscais e poder\u00e1 reduzir em at\u00e9 <strong>R$ 16,6 bilh\u00f5es os recursos destinados \u00e0 sa\u00fade e \u00e0 educa\u00e7\u00e3o em 2027<\/strong>, segundo estimativa de economistas divulgada pelo <em>Poder360<\/em>. A lei foi publicada no Di\u00e1rio Oficial da Uni\u00e3o no dia seguinte.<\/p>\n\n\n\n<p>De acordo com a apura\u00e7\u00e3o, o impacto m\u00ednimo estimado seria de <strong>R$ 7,7 bilh\u00f5es<\/strong>. Desse total, aproximadamente <strong>R$ 4,7 bilh\u00f5es correspondem \u00e0 redu\u00e7\u00e3o do piso constitucional da sa\u00fade<\/strong>, enquanto at\u00e9 <strong>R$ 3 bilh\u00f5es<\/strong> de recursos destinados adicionalmente \u00e0 sa\u00fade e \u00e0 educa\u00e7\u00e3o em 2027 poder\u00e3o ser antecipados para 2026.<\/p>\n\n\n\n<p>A mudan\u00e7a ocorre principalmente pela altera\u00e7\u00e3o da base de c\u00e1lculo utilizada para definir o piso federal da sa\u00fade. A nova legisla\u00e7\u00e3o permite retirar da receita corrente l\u00edquida determinados valores provenientes da explora\u00e7\u00e3o de petr\u00f3leo. Para 2027, a receita estimada com petr\u00f3leo \u00e9 de aproximadamente <strong>R$ 31 bilh\u00f5es<\/strong>. Com uma base de c\u00e1lculo menor, o percentual constitucional de 15% destinado \u00e0 sa\u00fade tamb\u00e9m resulta em um valor inferior.<\/p>\n\n\n\n<p>Outro ponto previsto na lei \u00e9 a possibilidade de antecipa\u00e7\u00e3o, para 2026, de at\u00e9 <strong>R$ 3 bilh\u00f5es<\/strong> que estavam previstos para serem destinados \u00e0 sa\u00fade e \u00e0 educa\u00e7\u00e3o em 2027. O objetivo \u00e9 contribuir para o equil\u00edbrio das contas p\u00fablicas neste ano e, ao mesmo tempo, abrir espa\u00e7o no Or\u00e7amento do pr\u00f3ximo exerc\u00edcio.<\/p>\n\n\n\n<p>A estimativa de <strong>R$ 8,6 bilh\u00f5es a R$ 16,6 bilh\u00f5es<\/strong> de impacto para sa\u00fade e educa\u00e7\u00e3o em 2027 consta de estudo do Instituto de Finan\u00e7as Funcionais para o Desenvolvimento. Segundo a mesma an\u00e1lise, o efeito acumulado poderia chegar a valores entre <strong>R$ 26 bilh\u00f5es e R$ 56 bilh\u00f5es at\u00e9 2030<\/strong>.<\/p>\n\n\n\n<h3 class=\"wp-block-heading\">Governo defende ajuste fiscal<\/h3>\n\n\n\n<p>A equipe econ\u00f4mica do governo argumenta que as mudan\u00e7as fazem parte de um conjunto de medidas para controlar o crescimento das despesas obrigat\u00f3rias e melhorar o resultado fiscal. O ministro da Fazenda, Dario Durigan, afirmou que a retirada das receitas do petr\u00f3leo da base de c\u00e1lculo busca evitar que despesas permanentes sejam financiadas por uma fonte considerada vari\u00e1vel.<\/p>\n\n\n\n<p>O ministro do Planejamento, Bruno Moretti, tamb\u00e9m afirmou que as medidas dever\u00e3o contribuir para a conten\u00e7\u00e3o de despesas e abrir espa\u00e7o no Or\u00e7amento de 2027. A proposta or\u00e7ament\u00e1ria para o pr\u00f3ximo ano prev\u00ea resultado fiscal positivo, segundo proje\u00e7\u00f5es apresentadas pelo governo.<\/p>\n\n\n\n<p>A <strong>Lei Complementar 235<\/strong> foi aprovada pela C\u00e2mara dos Deputados e pelo Senado em 12 de agosto e sancionada pelo presidente 15 dias depois. O texto oficial confirma, entre outras medidas, a autoriza\u00e7\u00e3o para antecipar at\u00e9 R$ 3 bilh\u00f5es de recursos previstos para 2027 e estabelece que as despesas decorrentes da lei ficam sujeitas \u00e0 disponibilidade or\u00e7ament\u00e1ria e financeira.<\/p>\n\n\n\n<p>O impacto definitivo sobre sa\u00fade e educa\u00e7\u00e3o dever\u00e1 ficar mais claro com a execu\u00e7\u00e3o do <strong>Or\u00e7amento de 2027<\/strong>, quando ser\u00e1 poss\u00edvel comparar os valores previstos para os pisos das duas \u00e1reas antes e depois das novas regras.<\/p>\n<div class=\"jorna-rodape jorna-entity-placement\" id=\"jorna-1210682960\"><div id=\"jorna-2720241844\"><a href=\"https:\/\/gkscontabilidade.com\/\" aria-label=\"GKS Contabilidade\"><img src=\"https:\/\/jornalvaleevangelico.com.br\/wp-content\/uploads\/2023\/05\/GKS-Contabilidade.jpeg\" alt=\"\"  srcset=\"https:\/\/jornalvaleevangelico.com.br\/wp-content\/uploads\/2023\/05\/GKS-Contabilidade.jpeg 1600w, https:\/\/jornalvaleevangelico.com.br\/wp-content\/uploads\/2023\/05\/GKS-Contabilidade-300x65.jpeg 300w, https:\/\/jornalvaleevangelico.com.br\/wp-content\/uploads\/2023\/05\/GKS-Contabilidade-1024x223.jpeg 1024w, https:\/\/jornalvaleevangelico.com.br\/wp-content\/uploads\/2023\/05\/GKS-Contabilidade-768x168.jpeg 768w, https:\/\/jornalvaleevangelico.com.br\/wp-content\/uploads\/2023\/05\/GKS-Contabilidade-1536x335.jpeg 1536w\" sizes=\"(max-width: 1600px) 100vw, 1600px\" width=\"1600\" height=\"349\"   \/><\/a><\/div><\/div>","protected":false},"excerpt":{"rendered":"<p>Lei Complementar 235, sancionada sem vetos em 27 de agosto, altera regras de c\u00e1lculo e&#8230;<\/p>\n","protected":false},"author":2,"featured_media":48936,"comment_status":"open","ping_status":"open","sticky":false,"template":"","format":"standard","meta":{"_mi_skip_tracking":false,"_monsterinsights_sitenote_active":false,"_monsterinsights_sitenote_note":"","_monsterinsights_sitenote_category":0,"footnotes":""},"categories":[9,2],"tags":[],"class_list":["post-48935","post","type-post","status-publish","format-standard","has-post-thumbnail","hentry","category-economia","category-noticia"],"_links":{"self":[{"href":"https:\/\/jornalvaleevangelico.com.br\/index.php\/wp-json\/wp\/v2\/posts\/48935","targetHints":{"allow":["GET"]}}],"collection":[{"href":"https:\/\/jornalvaleevangelico.com.br\/index.php\/wp-json\/wp\/v2\/posts"}],"about":[{"href":"https:\/\/jornalvaleevangelico.com.br\/index.php\/wp-json\/wp\/v2\/types\/post"}],"author":[{"embeddable":true,"href":"https:\/\/jornalvaleevangelico.com.br\/index.php\/wp-json\/wp\/v2\/users\/2"}],"replies":[{"embeddable":true,"href":"https:\/\/jornalvaleevangelico.com.br\/index.php\/wp-json\/wp\/v2\/comments?post=48935"}],"version-history":[{"count":1,"href":"https:\/\/jornalvaleevangelico.com.br\/index.php\/wp-json\/wp\/v2\/posts\/48935\/revisions"}],"predecessor-version":[{"id":48937,"href":"https:\/\/jornalvaleevangelico.com.br\/index.php\/wp-json\/wp\/v2\/posts\/48935\/revisions\/48937"}],"wp:featuredmedia":[{"embeddable":true,"href":"https:\/\/jornalvaleevangelico.com.br\/index.php\/wp-json\/wp\/v2\/media\/48936"}],"wp:attachment":[{"href":"https:\/\/jornalvaleevangelico.com.br\/index.php\/wp-json\/wp\/v2\/media?parent=48935"}],"wp:term":[{"taxonomy":"category","embeddable":true,"href":"https:\/\/jornalvaleevangelico.com.br\/index.php\/wp-json\/wp\/v2\/categories?post=48935"},{"taxonomy":"post_tag","embeddable":true,"href":"https:\/\/jornalvaleevangelico.com.br\/index.php\/wp-json\/wp\/v2\/tags?post=48935"}],"curies":[{"name":"wp","href":"https:\/\/api.w.org\/{rel}","templated":true}]}}