{"id":48946,"date":"2026-09-03T15:12:52","date_gmt":"2026-09-03T18:12:52","guid":{"rendered":"https:\/\/jornalvaleevangelico.com.br\/?p=48946"},"modified":"2026-09-03T15:13:09","modified_gmt":"2026-09-03T18:13:09","slug":"el-nino-podera-ganhar-forca-e-duracao-ate-fevereiro-de-2027","status":"publish","type":"post","link":"https:\/\/jornalvaleevangelico.com.br\/index.php\/2026\/09\/03\/el-nino-podera-ganhar-forca-e-duracao-ate-fevereiro-de-2027\/","title":{"rendered":"El Ni\u00f1o poder\u00e1 ganhar for\u00e7a e dura\u00e7\u00e3o at\u00e9 fevereiro de 2027"},"content":{"rendered":"\n<h2 class=\"wp-block-heading\">O evento clim\u00e1tico soma-se \u00e0s altera\u00e7\u00f5es causadas pelas atividades humanas, exacerbando os eventos extremos<\/h2>\n\n\n\n<p>Nesta ter\u00e7a-feira (3), a Organiza\u00e7\u00e3o Meteorol\u00f3gica Mundial (OMM) alertou que o fen\u00f4meno El Ni\u00f1o est\u00e1 \u201cfirmemente estabelecido\u201d e dever\u00e1 se intensificar nos pr\u00f3ximos meses com riscos associados de inunda\u00e7\u00f5es, secas e calor extremo. As \u00faltimas previs\u00f5es indicaram \u201cprobabilidade excepcionalmente elevada\u201d, de quase 100%, do fen\u00f4meno persistir at\u00e9 fevereiro de 2027.<\/p>\n\n\n\n<p>Segundo o secret\u00e1rio-geral da ONU, Ant\u00f3nio Guterres, o mundo vive uma situa\u00e7\u00e3o de \u201calto risco\u201d com eventos clim\u00e1ticos extremos. Em comunicado, ele disse que \u201ca ci\u00eancia \u00e9 inequ\u00edvoca: o planeta est\u00e1 a entrar em \u00e1guas desconhecidas, e essas \u00e1guas est\u00e3o a aquecer\u201d. Ele lembrou ainda que este evento excepcional do El Ni\u00f1o exige prepara\u00e7\u00e3o e resposta adequadas.<\/p>\n\n\n\n<p>O El Ni\u00f1o \u00e9 um fen\u00f4meno natural que ocorre em intervalos de dois a sete anos. As \u00e1guas superficiais do Pac\u00edfico equatorial central e oriental come\u00e7am a aquecer na primavera. As temperaturas da superf\u00edcie do mar nesta \u00e1rea j\u00e1 est\u00e3o significativamente acima da m\u00e9dia e continuam a subir. O evento clim\u00e1tico soma-se \u00e0s altera\u00e7\u00f5es causadas pelas atividades humanas, exacerbando os eventos extremos.<\/p>\n\n\n\n<h6 class=\"wp-block-heading\"><em>Reda\u00e7\u00e3o CPAD News \/ Com informa\u00e7\u00f5es Ag\u00eancia Brasil<\/em><\/h6>\n\n\n\n<p><\/p>\n<div class=\"jorna-rodape jorna-entity-placement\" id=\"jorna-821901083\"><div id=\"jorna-1071601477\"><a href=\"https:\/\/gkscontabilidade.com\/\" aria-label=\"GKS Contabilidade\"><img src=\"https:\/\/jornalvaleevangelico.com.br\/wp-content\/uploads\/2023\/05\/GKS-Contabilidade.jpeg\" alt=\"\"  srcset=\"https:\/\/jornalvaleevangelico.com.br\/wp-content\/uploads\/2023\/05\/GKS-Contabilidade.jpeg 1600w, https:\/\/jornalvaleevangelico.com.br\/wp-content\/uploads\/2023\/05\/GKS-Contabilidade-300x65.jpeg 300w, https:\/\/jornalvaleevangelico.com.br\/wp-content\/uploads\/2023\/05\/GKS-Contabilidade-1024x223.jpeg 1024w, https:\/\/jornalvaleevangelico.com.br\/wp-content\/uploads\/2023\/05\/GKS-Contabilidade-768x168.jpeg 768w, https:\/\/jornalvaleevangelico.com.br\/wp-content\/uploads\/2023\/05\/GKS-Contabilidade-1536x335.jpeg 1536w\" sizes=\"(max-width: 1600px) 100vw, 1600px\" width=\"1600\" height=\"349\"   \/><\/a><\/div><\/div>","protected":false},"excerpt":{"rendered":"<p>O evento clim\u00e1tico soma-se \u00e0s altera\u00e7\u00f5es causadas pelas atividades humanas, exacerbando os eventos extremos Nesta&#8230;<\/p>\n","protected":false},"author":2,"featured_media":48947,"comment_status":"open","ping_status":"open","sticky":false,"template":"","format":"standard","meta":{"_mi_skip_tracking":false,"_monsterinsights_sitenote_active":false,"_monsterinsights_sitenote_note":"","_monsterinsights_sitenote_category":0,"footnotes":""},"categories":[8,2,1],"tags":[],"class_list":["post-48946","post","type-post","status-publish","format-standard","has-post-thumbnail","hentry","category-internacional","category-noticia","category-sem-categoria"],"_links":{"self":[{"href":"https:\/\/jornalvaleevangelico.com.br\/index.php\/wp-json\/wp\/v2\/posts\/48946","targetHints":{"allow":["GET"]}}],"collection":[{"href":"https:\/\/jornalvaleevangelico.com.br\/index.php\/wp-json\/wp\/v2\/posts"}],"about":[{"href":"https:\/\/jornalvaleevangelico.com.br\/index.php\/wp-json\/wp\/v2\/types\/post"}],"author":[{"embeddable":true,"href":"https:\/\/jornalvaleevangelico.com.br\/index.php\/wp-json\/wp\/v2\/users\/2"}],"replies":[{"embeddable":true,"href":"https:\/\/jornalvaleevangelico.com.br\/index.php\/wp-json\/wp\/v2\/comments?post=48946"}],"version-history":[{"count":1,"href":"https:\/\/jornalvaleevangelico.com.br\/index.php\/wp-json\/wp\/v2\/posts\/48946\/revisions"}],"predecessor-version":[{"id":48948,"href":"https:\/\/jornalvaleevangelico.com.br\/index.php\/wp-json\/wp\/v2\/posts\/48946\/revisions\/48948"}],"wp:featuredmedia":[{"embeddable":true,"href":"https:\/\/jornalvaleevangelico.com.br\/index.php\/wp-json\/wp\/v2\/media\/48947"}],"wp:attachment":[{"href":"https:\/\/jornalvaleevangelico.com.br\/index.php\/wp-json\/wp\/v2\/media?parent=48946"}],"wp:term":[{"taxonomy":"category","embeddable":true,"href":"https:\/\/jornalvaleevangelico.com.br\/index.php\/wp-json\/wp\/v2\/categories?post=48946"},{"taxonomy":"post_tag","embeddable":true,"href":"https:\/\/jornalvaleevangelico.com.br\/index.php\/wp-json\/wp\/v2\/tags?post=48946"}],"curies":[{"name":"wp","href":"https:\/\/api.w.org\/{rel}","templated":true}]}}