{"id":48949,"date":"2026-09-03T15:28:34","date_gmt":"2026-09-03T18:28:34","guid":{"rendered":"https:\/\/jornalvaleevangelico.com.br\/?p=48949"},"modified":"2026-09-03T15:30:34","modified_gmt":"2026-09-03T18:30:34","slug":"edson-fachin-quebra-o-silencio-apos-relatorio-da-pf-sobre-moraes","status":"publish","type":"post","link":"https:\/\/jornalvaleevangelico.com.br\/index.php\/2026\/09\/03\/edson-fachin-quebra-o-silencio-apos-relatorio-da-pf-sobre-moraes\/","title":{"rendered":"Edson Fachin quebra o sil\u00eancio ap\u00f3s relat\u00f3rio da PF sobre Moraes"},"content":{"rendered":"\n<h2 class=\"wp-block-heading\">Presidente do STF prometeu anunciar medidas &#8220;sem precipita\u00e7\u00e3o&#8221;<\/h2>\n\n\n\n<p>O presidente do Supremo Tribunal Federal (STF), Edson Fachin, disse, nesta quarta-feira (2), que o cargo de ministro \u201cn\u00e3o confere privil\u00e9gios, mas imp\u00f5e deveres, limites e responsabilidades, que devem ser observados com absoluto respeito \u00e0 Constitui\u00e7\u00e3o, \u00e0s leis e ao STF\u201d. O breve discurso foi proferido um dia depois da revela\u00e7\u00e3o pelo Estad\u00e3o de mensagens do banqueiro Daniel Vorcaro, dono do Master, a Alexandre de Moraes.<\/p>\n\n\n\n<p>Fachin prometeu tomar provid\u00eancias; mas n\u00e3o especificou quais nem quando.<\/p>\n\n\n\n<p>\u2013 Nos pr\u00f3ximos dias, conclu\u00edda a an\u00e1lise necess\u00e1ria dos fatos e observados os procedimentos institucionais pertinentes, esta Presid\u00eancia anunciar\u00e1, no tempo devido e sem precipita\u00e7\u00e3o, as medidas que cab\u00edveis e necess\u00e1rias \u2013 disse.<\/p>\n\n\n\n<p>O presidente do STF tamb\u00e9m fez um apelo:<\/p>\n\n\n\n<p>\u2013 Em momentos de especial gravidade, \u00e9 dever de todos preservar a integridade do Supremo Tribunal Federal, a autoridade de suas decis\u00f5es, o respeito \u00e0s suas normas e, acima de tudo, a confian\u00e7a da sociedade na institui\u00e7\u00e3o.<\/p>\n\n\n\n<p>Ainda segundo Fachin, \u201cos ind\u00edcios reclamam o devido encaminhamento institucional. Circunst\u00e2ncias relacionadas, de um lado, \u00e0 atua\u00e7\u00e3o processual e, de outro, a s\u00e9rios elementos de fatos que exigem desta Presid\u00eancia serenidade, responsabilidade e firmeza\u201d.<\/p>\n\n\n\n<p>O discurso foi proferido durante a Jornada \u00cdtalo-Hispano-Brasileira de Direito Constitucional, evento que ocorre no STF. Em nenhum momento Fachin disse o nome de Moraes. O gabinete do ministro tamb\u00e9m divulgou nota.<\/p>\n\n\n\n<figure class=\"wp-block-image\"><img decoding=\"async\" src=\"https:\/\/static.cdn.pleno.news\/2026\/09\/Screenshot_3631-e1788358928429.png\" alt=\"\" class=\"wp-image-1716120\"\/><figcaption class=\"wp-element-caption\">Nota de Edson Fachin&nbsp;Foto: Reprodu\u00e7\u00e3o<\/figcaption><\/figure>\n\n\n\n<p>Informa\u00e7\u00f5es reveladas nesta ter\u00e7a-feira (1\u00ba), a partir de relat\u00f3rio da Pol\u00edcia Federal (PF), indicam que Vorcaro mantinha conversas com o ministro Alexandre de Moraes. O relator do caso, ministro Andr\u00e9 Mendon\u00e7a, retirou o sigilo do documento horas depois.<\/p>\n\n\n\n<p>Em aparelhos obtidos pela corpora\u00e7\u00e3o na Opera\u00e7\u00e3o Compliance Zero, tanto do banqueiro quanto de pessoas pr\u00f3ximas a ele, foram encontradas mensagens do dono do Banco Master ao magistrando. Nelas, ele pediu aux\u00edlio e orienta\u00e7\u00f5es sobre as investiga\u00e7\u00f5es relacionadas \u00e0 institui\u00e7\u00e3o.<\/p>\n\n\n\n<p>Tamb\u00e9m aparecem conversas com o procurador-geral da Rep\u00fablica, Paulo Gonet, intermediadas por um advogado.<\/p>\n\n\n\n<h6 class=\"wp-block-heading\">Pleno.News &#8211;\u00a002\/09\/2026\u00a011h33 | atualizado em 02\/09\/2026 12h39<\/h6>\n<div class=\"jorna-rodape jorna-entity-placement\" id=\"jorna-4166611980\"><div id=\"jorna-1793725625\"><a href=\"https:\/\/gkscontabilidade.com\/\" aria-label=\"GKS Contabilidade\"><img src=\"https:\/\/jornalvaleevangelico.com.br\/wp-content\/uploads\/2023\/05\/GKS-Contabilidade.jpeg\" alt=\"\"  srcset=\"https:\/\/jornalvaleevangelico.com.br\/wp-content\/uploads\/2023\/05\/GKS-Contabilidade.jpeg 1600w, https:\/\/jornalvaleevangelico.com.br\/wp-content\/uploads\/2023\/05\/GKS-Contabilidade-300x65.jpeg 300w, https:\/\/jornalvaleevangelico.com.br\/wp-content\/uploads\/2023\/05\/GKS-Contabilidade-1024x223.jpeg 1024w, https:\/\/jornalvaleevangelico.com.br\/wp-content\/uploads\/2023\/05\/GKS-Contabilidade-768x168.jpeg 768w, https:\/\/jornalvaleevangelico.com.br\/wp-content\/uploads\/2023\/05\/GKS-Contabilidade-1536x335.jpeg 1536w\" sizes=\"(max-width: 1600px) 100vw, 1600px\" width=\"1600\" height=\"349\"   \/><\/a><\/div><\/div>","protected":false},"excerpt":{"rendered":"<p>Presidente do STF prometeu anunciar medidas &#8220;sem precipita\u00e7\u00e3o&#8221; O presidente do Supremo Tribunal Federal (STF),&#8230;<\/p>\n","protected":false},"author":2,"featured_media":48950,"comment_status":"open","ping_status":"open","sticky":false,"template":"","format":"standard","meta":{"_mi_skip_tracking":false,"_monsterinsights_sitenote_active":false,"_monsterinsights_sitenote_note":"","_monsterinsights_sitenote_category":0,"footnotes":""},"categories":[2,13],"tags":[],"class_list":["post-48949","post","type-post","status-publish","format-standard","has-post-thumbnail","hentry","category-noticia","category-politica"],"_links":{"self":[{"href":"https:\/\/jornalvaleevangelico.com.br\/index.php\/wp-json\/wp\/v2\/posts\/48949","targetHints":{"allow":["GET"]}}],"collection":[{"href":"https:\/\/jornalvaleevangelico.com.br\/index.php\/wp-json\/wp\/v2\/posts"}],"about":[{"href":"https:\/\/jornalvaleevangelico.com.br\/index.php\/wp-json\/wp\/v2\/types\/post"}],"author":[{"embeddable":true,"href":"https:\/\/jornalvaleevangelico.com.br\/index.php\/wp-json\/wp\/v2\/users\/2"}],"replies":[{"embeddable":true,"href":"https:\/\/jornalvaleevangelico.com.br\/index.php\/wp-json\/wp\/v2\/comments?post=48949"}],"version-history":[{"count":1,"href":"https:\/\/jornalvaleevangelico.com.br\/index.php\/wp-json\/wp\/v2\/posts\/48949\/revisions"}],"predecessor-version":[{"id":48951,"href":"https:\/\/jornalvaleevangelico.com.br\/index.php\/wp-json\/wp\/v2\/posts\/48949\/revisions\/48951"}],"wp:featuredmedia":[{"embeddable":true,"href":"https:\/\/jornalvaleevangelico.com.br\/index.php\/wp-json\/wp\/v2\/media\/48950"}],"wp:attachment":[{"href":"https:\/\/jornalvaleevangelico.com.br\/index.php\/wp-json\/wp\/v2\/media?parent=48949"}],"wp:term":[{"taxonomy":"category","embeddable":true,"href":"https:\/\/jornalvaleevangelico.com.br\/index.php\/wp-json\/wp\/v2\/categories?post=48949"},{"taxonomy":"post_tag","embeddable":true,"href":"https:\/\/jornalvaleevangelico.com.br\/index.php\/wp-json\/wp\/v2\/tags?post=48949"}],"curies":[{"name":"wp","href":"https:\/\/api.w.org\/{rel}","templated":true}]}}