{"id":48952,"date":"2026-09-03T15:35:18","date_gmt":"2026-09-03T18:35:18","guid":{"rendered":"https:\/\/jornalvaleevangelico.com.br\/?p=48952"},"modified":"2026-09-03T15:36:12","modified_gmt":"2026-09-03T18:36:12","slug":"folha-globo-e-estadao-reagem-pedindo-saida-de-moraes-do-stf","status":"publish","type":"post","link":"https:\/\/jornalvaleevangelico.com.br\/index.php\/2026\/09\/03\/folha-globo-e-estadao-reagem-pedindo-saida-de-moraes-do-stf\/","title":{"rendered":"Folha, Globo e Estad\u00e3o reagem pedindo sa\u00edda de Moraes do STF"},"content":{"rendered":"\n<h2 class=\"wp-block-heading\">Ve\u00edculos de imprensa se manifestaram ap\u00f3s revela\u00e7\u00f5es envolvendo o ministro e Daniel Vorcaro<\/h2>\n\n\n\n<p>As revela\u00e7\u00f5es envolvendo as trocas de mensagem entre o ministro Alexandre de Moraes, do Supremo Tribunal Federal (STF), e o ex-banqueiro Daniel Vorcaro despertaram a rea\u00e7\u00e3o de ve\u00edculos de imprensa tradicionais, que cobraram a sa\u00edda do magistrado da Corte e um posicionamento por parte do Senado Federal.<\/p>\n\n\n\n<p>O jornal Folha de S.Paulo foi um dos que se manifestou por meio de editorial. No texto intitulado&nbsp;<em>A Moraes Cabe a Ren\u00fancia<\/em>, o peri\u00f3dico afirma que as informa\u00e7\u00f5es reunidas pela Pol\u00edcia Federal (PF) \u201cacabam com as d\u00favidas sobre a incompatibilidade do ministro com a Corte\u201d.<\/p>\n\n\n\n<p>Para a Folha, caso Moraes n\u00e3o deixe o cargo por iniciativa pr\u00f3pria, caberia ao Senado analisar os pedidos de impeachment apresentados contra o ministro.<\/p>\n\n\n\n<p>\u2013 A torrente de situa\u00e7\u00f5es abomin\u00e1veis que acaba de desaguar sobre a opini\u00e3o p\u00fablica sepulta qualquer incerteza restante sobre a incompatibilidade de Moraes com o exerc\u00edcio da magistratura no STF. O fraudador, enquanto enriquecia a fam\u00edlia Moraes com dinheiro roubado, tinha o ministro como um conselheiro e um informante \u2013 diz o ve\u00edculo de imprensa.<\/p>\n\n\n\n<p>A opini\u00e3o de O Estado de S. Paulo \u00e9 semelhante. O jornal, que revelou o relat\u00f3rio da PF sobre o caso, defende j\u00e1 no t\u00edtulo de seu editorial que<em>&nbsp;Moraes tem de sair do Supremo<\/em>. Para o Estad\u00e3o, \u201cdiante das grav\u00edssimas revela\u00e7\u00f5es feitas por este jornal sobre sua rela\u00e7\u00e3o com o Master, o ministro tem a obriga\u00e7\u00e3o de renunciar, sob pena de arrastar o Supremo para sua crise pessoal\u201d.<\/p>\n\n\n\n<p>\u2013 Moraes tem de deixar o Supremo. Sua responsabilidade criminal ser\u00e1 apurada, mas a responsabilidade institucional j\u00e1 se imp\u00f5e. Se ele se recusar a retirar esse peso da Corte, sua perman\u00eancia ter\u00e1 de ser enfrentada por quem a Constitui\u00e7\u00e3o encarregou de julgar crimes de responsabilidade de ministros do STF: o Senado. Defender o Supremo, agora, significa impedir que a crise de um ministro se torne a crise da institui\u00e7\u00e3o \u2013 pontuou.<\/p>\n\n\n\n<p>A avalia\u00e7\u00e3o do jornal O Globo, por sua vez, cobra \u201cprovid\u00eancias imediatas\u201d sobre o caso. Intitulado&nbsp;<em>Ou STF \u00e9 \u00c1gil Sobre Moraes, ou Senado Ser\u00e1<\/em>, o peri\u00f3dico pede uma investiga\u00e7\u00e3o rigorosa e argumenta que \u201cdeve ser repudiada com veem\u00eancia a manifesta\u00e7\u00e3o da Procuradoria-Geral da Rep\u00fablica (PGR) que defendeu a nulidade das provas recolhidas pela Pol\u00edcia Federal (PF)\u201d.<\/p>\n\n\n\n<p>O jornal tamb\u00e9m defendeu a postura do relator do caso, Andr\u00e9 Mendon\u00e7a, pontuando que \u201cem nenhum momento Mendon\u00e7a pediu para investigar Moraes ou conduziu inqu\u00e9rito\u201d.<\/p>\n\n\n\n<p>\u2013 Apenas, tendo esbarrado em mensagens descobertas de modo fortuito, pediu que a PF, por meio de per\u00edcia t\u00e9cnica, descobrisse formalmente quem era o destinat\u00e1rio. Uma vez elucidada a d\u00favida, fez o que manda a lei: solicitou manifesta\u00e7\u00e3o da PGR e informou a presid\u00eancia do STF, levantando o sigilo diante do interesse p\u00fablico e pedindo exame presencial do plen\u00e1rio \u2013 assinalou.<\/p>\n\n\n\n<h6 class=\"wp-block-heading\">Thamirys Andrade &#8211;\u00a003\/09\/2026\u00a010h16 | atualizado em 03\/09\/2026 11h06-Pleno.News<\/h6>\n<div class=\"jorna-rodape jorna-entity-placement\" id=\"jorna-1248707245\"><div id=\"jorna-1279627402\"><a href=\"https:\/\/gkscontabilidade.com\/\" aria-label=\"GKS Contabilidade\"><img src=\"https:\/\/jornalvaleevangelico.com.br\/wp-content\/uploads\/2023\/05\/GKS-Contabilidade.jpeg\" alt=\"\"  srcset=\"https:\/\/jornalvaleevangelico.com.br\/wp-content\/uploads\/2023\/05\/GKS-Contabilidade.jpeg 1600w, https:\/\/jornalvaleevangelico.com.br\/wp-content\/uploads\/2023\/05\/GKS-Contabilidade-300x65.jpeg 300w, https:\/\/jornalvaleevangelico.com.br\/wp-content\/uploads\/2023\/05\/GKS-Contabilidade-1024x223.jpeg 1024w, https:\/\/jornalvaleevangelico.com.br\/wp-content\/uploads\/2023\/05\/GKS-Contabilidade-768x168.jpeg 768w, https:\/\/jornalvaleevangelico.com.br\/wp-content\/uploads\/2023\/05\/GKS-Contabilidade-1536x335.jpeg 1536w\" sizes=\"(max-width: 1600px) 100vw, 1600px\" width=\"1600\" height=\"349\"   \/><\/a><\/div><\/div>","protected":false},"excerpt":{"rendered":"<p>Ve\u00edculos de imprensa se manifestaram ap\u00f3s revela\u00e7\u00f5es envolvendo o ministro e Daniel Vorcaro As revela\u00e7\u00f5es&#8230;<\/p>\n","protected":false},"author":2,"featured_media":48953,"comment_status":"open","ping_status":"open","sticky":false,"template":"","format":"standard","meta":{"_mi_skip_tracking":false,"_monsterinsights_sitenote_active":false,"_monsterinsights_sitenote_note":"","_monsterinsights_sitenote_category":0,"footnotes":""},"categories":[2,13],"tags":[],"class_list":["post-48952","post","type-post","status-publish","format-standard","has-post-thumbnail","hentry","category-noticia","category-politica"],"_links":{"self":[{"href":"https:\/\/jornalvaleevangelico.com.br\/index.php\/wp-json\/wp\/v2\/posts\/48952","targetHints":{"allow":["GET"]}}],"collection":[{"href":"https:\/\/jornalvaleevangelico.com.br\/index.php\/wp-json\/wp\/v2\/posts"}],"about":[{"href":"https:\/\/jornalvaleevangelico.com.br\/index.php\/wp-json\/wp\/v2\/types\/post"}],"author":[{"embeddable":true,"href":"https:\/\/jornalvaleevangelico.com.br\/index.php\/wp-json\/wp\/v2\/users\/2"}],"replies":[{"embeddable":true,"href":"https:\/\/jornalvaleevangelico.com.br\/index.php\/wp-json\/wp\/v2\/comments?post=48952"}],"version-history":[{"count":2,"href":"https:\/\/jornalvaleevangelico.com.br\/index.php\/wp-json\/wp\/v2\/posts\/48952\/revisions"}],"predecessor-version":[{"id":48956,"href":"https:\/\/jornalvaleevangelico.com.br\/index.php\/wp-json\/wp\/v2\/posts\/48952\/revisions\/48956"}],"wp:featuredmedia":[{"embeddable":true,"href":"https:\/\/jornalvaleevangelico.com.br\/index.php\/wp-json\/wp\/v2\/media\/48953"}],"wp:attachment":[{"href":"https:\/\/jornalvaleevangelico.com.br\/index.php\/wp-json\/wp\/v2\/media?parent=48952"}],"wp:term":[{"taxonomy":"category","embeddable":true,"href":"https:\/\/jornalvaleevangelico.com.br\/index.php\/wp-json\/wp\/v2\/categories?post=48952"},{"taxonomy":"post_tag","embeddable":true,"href":"https:\/\/jornalvaleevangelico.com.br\/index.php\/wp-json\/wp\/v2\/tags?post=48952"}],"curies":[{"name":"wp","href":"https:\/\/api.w.org\/{rel}","templated":true}]}}