{"id":48957,"date":"2026-09-03T15:38:33","date_gmt":"2026-09-03T18:38:33","guid":{"rendered":"https:\/\/jornalvaleevangelico.com.br\/?p=48957"},"modified":"2026-09-03T16:31:27","modified_gmt":"2026-09-03T19:31:27","slug":"a-unidade-e-comunhao-no-corpo-de-cristo","status":"publish","type":"post","link":"https:\/\/jornalvaleevangelico.com.br\/index.php\/2026\/09\/03\/a-unidade-e-comunhao-no-corpo-de-cristo\/","title":{"rendered":"A Unidade e Comunh\u00e3o no Corpo de Cristo"},"content":{"rendered":"\n<h2 class=\"wp-block-heading\"><strong>Tema de Hoje (10 de Agosto): Unidos Pelo Esp\u00edrito<\/strong><\/h2>\n\n\n\n<p><strong>Texto B\u00edblico:<\/strong> <em>\u201cProcurando guardar a unidade do Esp\u00edrito pelo v\u00ednculo da paz. H\u00e1 um s\u00f3 corpo e um s\u00f3 Esp\u00edrito, como tamb\u00e9m fostes chamados em uma s\u00f3 esperan\u00e7a da vossa voca\u00e7\u00e3o; um s\u00f3 Senhor, uma s\u00f3 f\u00e9, um s\u00f3 batismo; um s\u00f3 Deus e Pai de todos, o qual \u00e9 sobre todos, e por todos, e em todos.\u201d (Ef\u00e9sios 4:3\u20136)<\/em><\/p>\n\n\n\n<p><strong>Reflex\u00e3o<\/strong><\/p>\n\n\n\n<p>A verdadeira unidade da Igreja n\u00e3o nasce simplesmente da afinidade entre pessoas; ela \u00e9 obra do Esp\u00edrito Santo.<\/p>\n\n\n\n<p>Paulo n\u00e3o ordena que criemos a unidade, mas que procuremos \u201cguardar a unidade do Esp\u00edrito\u201d. Em Cristo, Deus j\u00e1 nos constituiu como um s\u00f3 povo. Nossa responsabilidade \u00e9 preservar aquilo que o Esp\u00edrito produziu.<\/p>\n\n\n\n<p>A Igreja \u00e9 formada por pessoas diferentes: culturas, hist\u00f3rias, personalidades, experi\u00eancias e maneiras de pensar distintas. Entretanto, existe algo maior do que todas essas diferen\u00e7as: temos um s\u00f3 Senhor, uma s\u00f3 f\u00e9 e um s\u00f3 Esp\u00edrito.<\/p>\n\n\n\n<p>No Pentecostes, o Esp\u00edrito Santo foi derramado sobre uma comunidade que perseverava reunida <em>\u201cCumprindo-se o dia de Pentecostes, estavam todos reunidos no mesmo lugar\u201d (At 2:1)<\/em>. O mesmo Esp\u00edrito que concede poder tamb\u00e9m produz comunh\u00e3o. Portanto, uma Igreja cheia do Esp\u00edrito n\u00e3o deve ser conhecida apenas pelos dons espirituais, mas tamb\u00e9m pela capacidade de amar, perdoar, servir e caminhar em unidade.<\/p>\n\n\n\n<p>O inimigo procura transformar diferen\u00e7as em divis\u00f5es; o Esp\u00edrito Santo transforma diferen\u00e7as em diversidade para edifica\u00e7\u00e3o do Corpo.<\/p>\n\n\n\n<p><strong>Aplica\u00e7\u00e3o<\/strong><\/p>\n\n\n\n<ol class=\"wp-block-list\">\n<li><strong>Proteja a unidade: <\/strong>n\u00e3o alimente fofocas, contendas ou divis\u00f5es.<\/li>\n\n\n\n<li><strong>Valorize as diferen\u00e7as:<\/strong> n\u00e3o precisamos ser iguais para caminharmos juntos.<\/li>\n\n\n\n<li><strong>Seja instrumento de paz:<\/strong> onde houver conflito, procure promover reconcilia\u00e7\u00e3o.<\/li>\n<\/ol>\n\n\n\n<p><strong>Ora\u00e7\u00e3o<\/strong><\/p>\n\n\n\n<p>Senhor, obrigado porque em Cristo fizeste de n\u00f3s um s\u00f3 Corpo. Ajuda-me a guardar a unidade do Esp\u00edrito e livra meu cora\u00e7\u00e3o de toda atitude que produza divis\u00e3o. Faz de mim um instrumento de paz, amor e reconcilia\u00e7\u00e3o. Que o Esp\u00edrito Santo governe meus relacionamentos e que minha vida contribua para a edifica\u00e7\u00e3o da tua Igreja. Eu oro em nome de Jesus. Am\u00e9m.<\/p>\n\n\n\n<p><strong>Para Meditar<\/strong><\/p>\n\n\n\n<p>A unidade n\u00e3o exige que sejamos iguais; exige que estejamos submissos ao mesmo Senhor.<\/p>\n\n\n\n<p><strong>Perguntas Finais<\/strong><\/p>\n\n\n\n<ol class=\"wp-block-list\">\n<li>Tenho contribu\u00eddo para a unidade ou para a divis\u00e3o?<\/li>\n\n\n\n<li>Como reajo quando um irm\u00e3o pensa diferente de mim?<\/li>\n\n\n\n<li>Existe algum relacionamento que preciso restaurar?<\/li>\n<\/ol>\n\n\n\n<p><strong>Guarde no Seu Cora\u00e7\u00e3o<\/strong><\/p>\n\n\n\n<p>Onde o Esp\u00edrito Santo governa os cora\u00e7\u00f5es, as diferen\u00e7as n\u00e3o precisam produzir divis\u00e3o.<strong>Rev. Jo\u00e3o Batista de Almeida &#8211; Rockland, MA 02370 \u2013 U.S.A. \u2013 Visite-nos: www.reviverusa.com<\/strong><\/p>\n<div class=\"jorna-rodape jorna-entity-placement\" id=\"jorna-3292062059\"><div id=\"jorna-1465653051\"><a href=\"https:\/\/gkscontabilidade.com\/\" aria-label=\"GKS Contabilidade\"><img src=\"https:\/\/jornalvaleevangelico.com.br\/wp-content\/uploads\/2023\/05\/GKS-Contabilidade.jpeg\" alt=\"\"  srcset=\"https:\/\/jornalvaleevangelico.com.br\/wp-content\/uploads\/2023\/05\/GKS-Contabilidade.jpeg 1600w, https:\/\/jornalvaleevangelico.com.br\/wp-content\/uploads\/2023\/05\/GKS-Contabilidade-300x65.jpeg 300w, https:\/\/jornalvaleevangelico.com.br\/wp-content\/uploads\/2023\/05\/GKS-Contabilidade-1024x223.jpeg 1024w, https:\/\/jornalvaleevangelico.com.br\/wp-content\/uploads\/2023\/05\/GKS-Contabilidade-768x168.jpeg 768w, https:\/\/jornalvaleevangelico.com.br\/wp-content\/uploads\/2023\/05\/GKS-Contabilidade-1536x335.jpeg 1536w\" sizes=\"(max-width: 1600px) 100vw, 1600px\" width=\"1600\" height=\"349\"   \/><\/a><\/div><\/div>","protected":false},"excerpt":{"rendered":"<p>Tema de Hoje (10 de Agosto): Unidos Pelo Esp\u00edrito Texto B\u00edblico: \u201cProcurando guardar a unidade&#8230;<\/p>\n","protected":false},"author":2,"featured_media":32361,"comment_status":"open","ping_status":"open","sticky":false,"template":"","format":"standard","meta":{"_mi_skip_tracking":false,"_monsterinsights_sitenote_active":false,"_monsterinsights_sitenote_note":"","_monsterinsights_sitenote_category":0,"footnotes":""},"categories":[3,15],"tags":[],"class_list":["post-48957","post","type-post","status-publish","format-standard","has-post-thumbnail","hentry","category-artigo","category-mundo-cristao"],"_links":{"self":[{"href":"https:\/\/jornalvaleevangelico.com.br\/index.php\/wp-json\/wp\/v2\/posts\/48957","targetHints":{"allow":["GET"]}}],"collection":[{"href":"https:\/\/jornalvaleevangelico.com.br\/index.php\/wp-json\/wp\/v2\/posts"}],"about":[{"href":"https:\/\/jornalvaleevangelico.com.br\/index.php\/wp-json\/wp\/v2\/types\/post"}],"author":[{"embeddable":true,"href":"https:\/\/jornalvaleevangelico.com.br\/index.php\/wp-json\/wp\/v2\/users\/2"}],"replies":[{"embeddable":true,"href":"https:\/\/jornalvaleevangelico.com.br\/index.php\/wp-json\/wp\/v2\/comments?post=48957"}],"version-history":[{"count":1,"href":"https:\/\/jornalvaleevangelico.com.br\/index.php\/wp-json\/wp\/v2\/posts\/48957\/revisions"}],"predecessor-version":[{"id":48958,"href":"https:\/\/jornalvaleevangelico.com.br\/index.php\/wp-json\/wp\/v2\/posts\/48957\/revisions\/48958"}],"wp:featuredmedia":[{"embeddable":true,"href":"https:\/\/jornalvaleevangelico.com.br\/index.php\/wp-json\/wp\/v2\/media\/32361"}],"wp:attachment":[{"href":"https:\/\/jornalvaleevangelico.com.br\/index.php\/wp-json\/wp\/v2\/media?parent=48957"}],"wp:term":[{"taxonomy":"category","embeddable":true,"href":"https:\/\/jornalvaleevangelico.com.br\/index.php\/wp-json\/wp\/v2\/categories?post=48957"},{"taxonomy":"post_tag","embeddable":true,"href":"https:\/\/jornalvaleevangelico.com.br\/index.php\/wp-json\/wp\/v2\/tags?post=48957"}],"curies":[{"name":"wp","href":"https:\/\/api.w.org\/{rel}","templated":true}]}}