{"id":5630,"date":"2021-06-01T08:48:30","date_gmt":"2021-06-01T11:48:30","guid":{"rendered":"https:\/\/jornalvaleevangelico.com.br\/?p=5630"},"modified":"2021-06-01T08:48:31","modified_gmt":"2021-06-01T11:48:31","slug":"ipatinga-inicia-vacinacao-de-trabalhadores-da-educacao","status":"publish","type":"post","link":"https:\/\/jornalvaleevangelico.com.br\/index.php\/2021\/06\/01\/ipatinga-inicia-vacinacao-de-trabalhadores-da-educacao\/","title":{"rendered":"Ipatinga inicia vacina\u00e7\u00e3o de trabalhadores da educa\u00e7\u00e3o"},"content":{"rendered":"\n<h2 class=\"wp-block-heading\">Profissionais de creches, pr\u00e9-escolas, Ensino Fundamental e Ensino M\u00e9dio dever\u00e3o ser os primeiros da fila. Conforme programa\u00e7\u00e3o, ser\u00e3o atendidos todos os que trabalham na Educa\u00e7\u00e3o, n\u00e3o somente professores.<\/h2>\n\n\n\n<p>A Prefeitura de Ipatinga inicia nesta ter\u00e7a-feira (1\u00ba\/6) a imuniza\u00e7\u00e3o contra a Covid-19 dos trabalhadores da educa\u00e7\u00e3o lotados nas escolas municipais, conveniadas, estaduais e particulares do munic\u00edpio.<\/p>\n\n\n\n<p>Os profissionais da educa\u00e7\u00e3o devem comparecer na Policl\u00ednica Municipal, situada na rua Joaquim Nabuco, 370, bairro Cidade Nobre, das 9h \u00e0s 17h30, seguindo o cronograma estabelecido pela Secretaria de Educa\u00e7\u00e3o. Os trabalhadores devem estar atentos \u00e0s normas de seguran\u00e7a, usando m\u00e1scara e guardando o distanciamento de no m\u00ednimo 1,5 metro.<\/p>\n\n\n\n<p>Nesta ter\u00e7a (1) e tamb\u00e9m na quarta-feira (2) ser\u00e3o imunizados professores, trabalhadores de apoio ou do quadro administrativo da educa\u00e7\u00e3o infantil e creches. Na pr\u00f3xima semana, prossegue o atendimento: segunda (7) e ter\u00e7a-feira (8) ser\u00e1 a vez dos professores, trabalhadores de apoio ou do quadro administrativo do Ensino Fundamental; quarta-feira (9) e quinta-feira (10) &#8211; professores, trabalhadores de apoio ou do quadro administrativo do Ensino M\u00e9dio; sexta-feira (11) e s\u00e1bado (12) &#8211; professores, trabalhadores de apoio ou do quadro administrativo da Educa\u00e7\u00e3o de Jovens e Adultos (EJA), ensino superior.<\/p>\n\n\n\n<p>Os usu\u00e1rios devem levar identidade, CPF, comprovante de v\u00ednculo com as escolas localizadas no munic\u00edpio de Ipatinga, como contracheque, contrato ou carteira de trabalho e o cart\u00e3o de vacina, caso possuam.&nbsp;<\/p>\n\n\n\n<p>CONFIRA O CRONOGRAMA EM ANEXO:<\/p>\n\n\n\n<figure class=\"wp-block-table\"><table><tbody><tr><td><strong>Trabalhadores da educa\u00e7\u00e3o<\/strong><\/td><td><strong>Data<\/strong><\/td><td><strong>Hor\u00e1rio<\/strong><\/td><td><strong>Local<\/strong><\/td><\/tr><tr><td>Professores, trabalhadores de apoio ou do quadro administrativo da educa\u00e7\u00e3o infantil\/creches<\/td><td>01\/06 a 02\/06<\/td><td>Sempre de 09h \u00e1s 17:30<\/td><td>Policl\u00ednica Municipal de Ipatinga&nbsp;&nbsp;&nbsp;&nbsp;&nbsp; R. Joaquim Nabuco, 370 &#8211; Cidade Nobre<\/td><\/tr><tr><td>Professores, trabalhadores de apoio ou do quadro administrativo da educa\u00e7\u00e3o infantil\/creches<\/td><td>07\/06 a 08\/06<\/td><\/tr><tr><td>Professores, trabalhadores de apoio ou do quadro administrativo do ensino m\u00e9dio<\/td><td>09\/06 a 10\/06<\/td><\/tr><tr><td>Professores, trabalhadores de apoio ou do quadro administrativo da Ensino de Jovens e Adultos e ensino superior<\/td><td>11\/06 a 12\/06<\/td><\/tr><\/tbody><\/table><figcaption><br><strong>Secretaria de Comunica\u00e7\u00e3o Social da Prefeitura de Ipatinga<\/strong> Tel: 3829-8086 \/ 3829-8263<br>Avenida Maria Jorge Selim de Sales, 100 Centro\u00a0<\/figcaption><\/figure>\n<div class=\"jorna-rodape jorna-entity-placement\" id=\"jorna-182412811\"><div id=\"jorna-4159159361\"><a href=\"https:\/\/gkscontabilidade.com\/\" aria-label=\"GKS Contabilidade\"><img src=\"https:\/\/jornalvaleevangelico.com.br\/wp-content\/uploads\/2023\/05\/GKS-Contabilidade.jpeg\" alt=\"\"  srcset=\"https:\/\/jornalvaleevangelico.com.br\/wp-content\/uploads\/2023\/05\/GKS-Contabilidade.jpeg 1600w, https:\/\/jornalvaleevangelico.com.br\/wp-content\/uploads\/2023\/05\/GKS-Contabilidade-300x65.jpeg 300w, https:\/\/jornalvaleevangelico.com.br\/wp-content\/uploads\/2023\/05\/GKS-Contabilidade-1024x223.jpeg 1024w, https:\/\/jornalvaleevangelico.com.br\/wp-content\/uploads\/2023\/05\/GKS-Contabilidade-768x168.jpeg 768w, https:\/\/jornalvaleevangelico.com.br\/wp-content\/uploads\/2023\/05\/GKS-Contabilidade-1536x335.jpeg 1536w\" sizes=\"(max-width: 1600px) 100vw, 1600px\" width=\"1600\" height=\"349\"   \/><\/a><\/div><\/div>","protected":false},"excerpt":{"rendered":"<p>Profissionais de creches, pr\u00e9-escolas, Ensino Fundamental e Ensino M\u00e9dio dever\u00e3o ser os primeiros da fila&#8230;.<\/p>\n","protected":false},"author":2,"featured_media":5631,"comment_status":"open","ping_status":"open","sticky":false,"template":"","format":"standard","meta":{"_mi_skip_tracking":false,"_monsterinsights_sitenote_active":false,"_monsterinsights_sitenote_note":"","_monsterinsights_sitenote_category":0,"footnotes":""},"categories":[11,10],"tags":[],"class_list":["post-5630","post","type-post","status-publish","format-standard","has-post-thumbnail","hentry","category-cidade","category-saude"],"_links":{"self":[{"href":"https:\/\/jornalvaleevangelico.com.br\/index.php\/wp-json\/wp\/v2\/posts\/5630","targetHints":{"allow":["GET"]}}],"collection":[{"href":"https:\/\/jornalvaleevangelico.com.br\/index.php\/wp-json\/wp\/v2\/posts"}],"about":[{"href":"https:\/\/jornalvaleevangelico.com.br\/index.php\/wp-json\/wp\/v2\/types\/post"}],"author":[{"embeddable":true,"href":"https:\/\/jornalvaleevangelico.com.br\/index.php\/wp-json\/wp\/v2\/users\/2"}],"replies":[{"embeddable":true,"href":"https:\/\/jornalvaleevangelico.com.br\/index.php\/wp-json\/wp\/v2\/comments?post=5630"}],"version-history":[{"count":1,"href":"https:\/\/jornalvaleevangelico.com.br\/index.php\/wp-json\/wp\/v2\/posts\/5630\/revisions"}],"predecessor-version":[{"id":5632,"href":"https:\/\/jornalvaleevangelico.com.br\/index.php\/wp-json\/wp\/v2\/posts\/5630\/revisions\/5632"}],"wp:featuredmedia":[{"embeddable":true,"href":"https:\/\/jornalvaleevangelico.com.br\/index.php\/wp-json\/wp\/v2\/media\/5631"}],"wp:attachment":[{"href":"https:\/\/jornalvaleevangelico.com.br\/index.php\/wp-json\/wp\/v2\/media?parent=5630"}],"wp:term":[{"taxonomy":"category","embeddable":true,"href":"https:\/\/jornalvaleevangelico.com.br\/index.php\/wp-json\/wp\/v2\/categories?post=5630"},{"taxonomy":"post_tag","embeddable":true,"href":"https:\/\/jornalvaleevangelico.com.br\/index.php\/wp-json\/wp\/v2\/tags?post=5630"}],"curies":[{"name":"wp","href":"https:\/\/api.w.org\/{rel}","templated":true}]}}