{"id":7313,"date":"2021-08-22T12:07:55","date_gmt":"2021-08-22T15:07:55","guid":{"rendered":"https:\/\/jornalvaleevangelico.com.br\/?p=7313"},"modified":"2021-08-22T12:12:56","modified_gmt":"2021-08-22T15:12:56","slug":"taliba-muda-nome-do-pais-para-emirado-islamico-do-afeganistao-e-lei-sharia-entra-em-vigor","status":"publish","type":"post","link":"https:\/\/jornalvaleevangelico.com.br\/index.php\/2021\/08\/22\/taliba-muda-nome-do-pais-para-emirado-islamico-do-afeganistao-e-lei-sharia-entra-em-vigor\/","title":{"rendered":"Talib\u00e3 muda nome do pa\u00eds para Emirado Isl\u00e2mico do Afeganist\u00e3o e lei Sharia entra em vigor"},"content":{"rendered":"\n<h2 class=\"wp-block-heading\">Jornalistas est\u00e3o sendo procurados e crist\u00e3os j\u00e1 come\u00e7aram a ser mortos por expressarem sua f\u00e9 em pa\u00eds isl\u00e2mico.<\/h2>\n\n\n\n<p>O porta-voz do Talib\u00e3, Zabihullah Mujahid, anunciou nesta quinta-feira (19) que o Afeganist\u00e3o passou a se chamar \u201cEmirado Isl\u00e2mico do Afeganist\u00e3o\u201d. O nome \u00e9 o mesmo adotado quando o grupo extremista esteve no poder do pa\u00eds pela primeira vez, em 1996.<\/p>\n\n\n\n<p>Mujahid \u00e9 o mesmo que concedeu uma entrevista coletiva, na ter\u00e7a-feira (17) afirmando que o grupo teria atitudes mais \u201cmoderadas\u201d desta vez. Mas, um dos principais comandantes do Talib\u00e3, Waheedullah Hashimi, j\u00e1 disparou que as leis no pa\u00eds ser\u00e3o semelhantes \u00e0s do passado e&nbsp;<a href=\"https:\/\/guiame.com.br\/gospel\/missoes-acao-social\/taliba-quer-impor-lei-islamica-em-todo-o-mundo-e-poe-cristaos-em-risco-no-afeganistao.html\"><strong>n\u00e3o h\u00e1 possibilidade de democracia<\/strong><\/a>.<\/p>\n\n\n\n<p>\u201cN\u00e3o haver\u00e1 nada como um sistema democr\u00e1tico porque isso n\u00e3o tem nenhuma base no nosso pa\u00eds, n\u00f3s n\u00e3o vamos discutir qual ser\u00e1 o tipo de sistema pol\u00edtico que vamos aplicar no Afeganist\u00e3o porque isso \u00e9 claro: a lei \u00e9&nbsp;<a href=\"https:\/\/guiame.com.br\/gospel\/noticias\/juiza-americana-nega-julgamento-muculmana-em-favor-do-tribunal-da-sharia.html\"><strong>Sharia<\/strong><\/a>, e \u00e9 isso\u201d, resumiu Hashimi.<\/p>\n\n\n\n<p><img decoding=\"async\" src=\"https:\/\/thumbor.guiame.com.br\/unsafe\/smart\/https:\/\/media.guiame.com.br\/archives\/2021\/08\/20\/3458809042-.jpg\" alt=\"\" width=\"600\"><br><sup>Combatentes do Talib\u00e3 patrulham as ruas em Cabul, capital do Afeganist\u00e3o, em 19 de agosto. (Foto: Rahmat Gul\/AP)<\/sup><\/p>\n\n\n\n<p><strong>Jornalistas come\u00e7am a ser procurados<\/strong><\/p>\n\n\n\n<p>Tamb\u00e9m nesta quinta-feira, Dia da Independ\u00eancia do Afeganist\u00e3o, o grupo reagiu com viol\u00eancia aos primeiros sinais de resist\u00eancia \u00e0 sua tomada de poder. E, na sexta-feira,&nbsp;alguns jornalistas afeg\u00e3os dizem que foram espancados e tiveram suas casas invadidas desde o retorno do Talib\u00e3.<\/p>\n\n\n\n<p>De acordo com informa\u00e7\u00f5es da Deutsche Welle (DW), os talib\u00e3s foram \u00e0s resid\u00eancias de pelo menos tr\u00eas jornalistas da emissora. Eles mataram a tiros o parente de um jornalista que trabalhava para a DW e que era procurado pelos militantes.&nbsp;<\/p>\n\n\n\n<p>Um outro familiar do profissional ficou gravemente ferido e v\u00e1rios conseguiram fugir. A identidade do jornalista n\u00e3o foi revelada, mas atualmente ele mora e trabalha na Alemanha.&nbsp;<\/p>\n\n\n\n<p><strong>Crist\u00e3os que t\u00eam B\u00edblia&nbsp;<\/strong><strong><em>online<\/em><\/strong><strong>&nbsp;no celular est\u00e3o sendo mortos<\/strong><\/p>\n\n\n\n<p>De acordo com a rede de TV crist\u00e3 SAT-7, os militantes talib\u00e3s est\u00e3o revistando telefones e&nbsp;<a href=\"https:\/\/guiame.com.br\/gospel\/missoes-acao-social\/cristaos-afegaos-estao-sendo-mortos-pelo-taliba-se-tiverem-biblia-online-em-seus-celulares.html\"><strong>retirando crentes do transporte p\u00fablico<\/strong><\/a>&nbsp;para assassin\u00e1-los no local. A persegui\u00e7\u00e3o religiosa ser\u00e1 mais intensa agora que o Talib\u00e3 est\u00e1 no poder.<\/p>\n\n\n\n<p>\u201c\u00c9 incrivelmente perigoso agora para os afeg\u00e3os ter algo crist\u00e3o em seus telefones. O Talib\u00e3 tem espi\u00f5es e informantes em todos os lugares\u201d, disse o presidente do SAT-7 na Am\u00e9rica do Norte, Dr. Rex Rogers. Os crist\u00e3os est\u00e3o isolados e com&nbsp;<a href=\"https:\/\/guiame.com.br\/gospel\/noticias\/pedido-para-evacuar-228-missionarios-no-afeganistao-e-feito-boris-johnson.html\"><strong>medo de serem descobertos<\/strong><\/a>.<\/p>\n\n\n\n<p><img decoding=\"async\" src=\"https:\/\/thumbor.guiame.com.br\/unsafe\/smart\/https:\/\/media.guiame.com.br\/archives\/2021\/08\/20\/1566110731-.jpg\" alt=\"\" width=\"600\"><br><sup>Militantes talib\u00e3s est\u00e3o revistando telefones e retirando crentes de transporte p\u00fablico para assassin\u00e1-los no local. (Foto: EFE\/Stringer)<\/sup><\/p>\n\n\n\n<p>\u201cPor ser muito perigoso buscar a companhia de outros crist\u00e3os, muitos crentes afeg\u00e3os est\u00e3o totalmente sozinhos, sem nenhum outro crist\u00e3o com quem conversar\u201d, relatou Rogers.<\/p>\n\n\n\n<p>Agora, em meio a um ambiente de inseguran\u00e7a e terror, os crentes est\u00e3o buscando&nbsp;<a href=\"https:\/\/guiame.com.br\/gospel\/noticias\/no-afeganistao-cristaos-lidam-com-crise-por-meio-da-oracao-deus-tem-um-proposito.html\"><strong>encorajamento e esperan\u00e7a<\/strong><\/a>&nbsp;por meio de programa\u00e7\u00f5es crist\u00e3s que ainda s\u00e3o transmitidas.<\/p>\n\n\n\n<p><strong>A for\u00e7a e a viol\u00eancia do Talib\u00e3<\/strong><\/p>\n\n\n\n<p>Os talib\u00e3s nunca estiveram t\u00e3o fortes. S\u00f3 nas \u00faltimas semanas, pilharam equipamento de guerra americano de alta tecnologia. Com exce\u00e7\u00e3o da prov\u00edncia de Panjshir, ao norte de Cabul, not\u00f3ria por sua resist\u00eancia permanente contra o Talib\u00e3, agora os extremistas controlam novamente quase todo o pa\u00eds.&nbsp;<\/p>\n\n\n\n<p>Ainda no s\u00e1bado, o servi\u00e7o secreto americano CIA estimava que a capital seria tomada nos pr\u00f3ximos 30 a 90 dias \u2013 no fim das contas, n\u00e3o foram nem 24 horas. Mesmo analistas renomados de Washington ficaram sem palavras diante das ocorr\u00eancias mais recentes.&nbsp;<\/p>\n\n\n\n<p><img decoding=\"async\" src=\"https:\/\/thumbor.guiame.com.br\/unsafe\/smart\/https:\/\/media.guiame.com.br\/archives\/2021\/08\/20\/1512606991-.jpg\" alt=\"\" width=\"600\"><br><sup>Principais lideran\u00e7as do Talib\u00e3 ao assumir o poder do Afeganist\u00e3o, em 16 de agosto de 2021. (Foto: Imagem de TV Al Jazeera\/AFP)<\/sup><\/p>\n\n\n\n<p>A imprensa do mundo inteiro mostra o resumo do que est\u00e1 acontecendo numa das na\u00e7\u00f5es mais conflituosas da hist\u00f3ria. Na entrevista improvisada \u00e0 emissora Al Jazeera, um dos comandantes do Talib\u00e3 chegou a mencionar que durante oito anos estivera preso e fora torturado pelos americanos na pris\u00e3o de Guant\u00e1namo. Provavelmente, ele agora planeja sua vingan\u00e7a.<\/p>\n\n\n\n<p><strong>\u201cEles n\u00e3o querem paz\u201d<\/strong><\/p>\n\n\n\n<p>O desespero dos afeg\u00e3os \u00e9 um sinal. As pessoas est\u00e3o com medo do terror que j\u00e1 viram de perto. Se as tentativas de um acordo de paz n\u00e3o funcionaram antes da tomada do governo pelo Talib\u00e3, agora parece menos prov\u00e1vel.<\/p>\n\n\n\n<p>De acordo com a CNN, desde setembro os di\u00e1logos entre o governo afeg\u00e3o e o Talib\u00e3 eram intensos. \u201cO Talib\u00e3 via Ghani e seu governo como fantoches dos EUA e a equipe de negociadores afeg\u00e3os indicados em Cabul n\u00e3o fizeram nenhum progresso significativo\u201d, conforme o ve\u00edculo.<\/p>\n\n\n\n<p>\u201cA quest\u00e3o \u00e9 que ningu\u00e9m confia em nada que venha da boca do Talib\u00e3\u201d, disse uma mulher em entrevista \u00e0 CNN, que preservou sua identidade por motivos de seguran\u00e7a.&nbsp;<\/p>\n\n\n\n<p>\u201cEu duvido muito que o Talib\u00e3 tenha mudado. Eles n\u00e3o t\u00eam os mesmos valores que o povo afeg\u00e3o. A democracia est\u00e1 fora de cogita\u00e7\u00e3o para eles. Estamos convencidos de que o Talib\u00e3 est\u00e1 colocando uma fachada porque a comunidade internacional e as Na\u00e7\u00f5es Unidas est\u00e3o observando-os de perto&#8221;, disse ela.<\/p>\n\n\n\n<p>\u201cEstou tentando ver como posso deixar o pa\u00eds atrav\u00e9s de ONGs e ag\u00eancias humanit\u00e1rias\u201d, concluiu a mulher em fuga.\u00a0<\/p>\n\n\n\n<h6 class=\"wp-block-heading\">FONTE: GUIAME, COM INFORMA\u00c7\u00d5ES DE CNN E DW<\/h6>\n<div class=\"jorna-rodape jorna-entity-placement\" id=\"jorna-1823675824\"><div id=\"jorna-2640557426\"><a href=\"https:\/\/gkscontabilidade.com\/\" aria-label=\"GKS Contabilidade\"><img src=\"https:\/\/jornalvaleevangelico.com.br\/wp-content\/uploads\/2023\/05\/GKS-Contabilidade.jpeg\" alt=\"\"  srcset=\"https:\/\/jornalvaleevangelico.com.br\/wp-content\/uploads\/2023\/05\/GKS-Contabilidade.jpeg 1600w, https:\/\/jornalvaleevangelico.com.br\/wp-content\/uploads\/2023\/05\/GKS-Contabilidade-300x65.jpeg 300w, https:\/\/jornalvaleevangelico.com.br\/wp-content\/uploads\/2023\/05\/GKS-Contabilidade-1024x223.jpeg 1024w, https:\/\/jornalvaleevangelico.com.br\/wp-content\/uploads\/2023\/05\/GKS-Contabilidade-768x168.jpeg 768w, https:\/\/jornalvaleevangelico.com.br\/wp-content\/uploads\/2023\/05\/GKS-Contabilidade-1536x335.jpeg 1536w\" sizes=\"(max-width: 1600px) 100vw, 1600px\" width=\"1600\" height=\"349\"   \/><\/a><\/div><\/div>","protected":false},"excerpt":{"rendered":"<p>Jornalistas est\u00e3o sendo procurados e crist\u00e3os j\u00e1 come\u00e7aram a ser mortos por expressarem sua f\u00e9&#8230;<\/p>\n","protected":false},"author":2,"featured_media":7317,"comment_status":"open","ping_status":"open","sticky":false,"template":"","format":"standard","meta":{"_mi_skip_tracking":false,"_monsterinsights_sitenote_active":false,"_monsterinsights_sitenote_note":"","_monsterinsights_sitenote_category":0,"footnotes":""},"categories":[8],"tags":[],"class_list":["post-7313","post","type-post","status-publish","format-standard","has-post-thumbnail","hentry","category-internacional"],"_links":{"self":[{"href":"https:\/\/jornalvaleevangelico.com.br\/index.php\/wp-json\/wp\/v2\/posts\/7313","targetHints":{"allow":["GET"]}}],"collection":[{"href":"https:\/\/jornalvaleevangelico.com.br\/index.php\/wp-json\/wp\/v2\/posts"}],"about":[{"href":"https:\/\/jornalvaleevangelico.com.br\/index.php\/wp-json\/wp\/v2\/types\/post"}],"author":[{"embeddable":true,"href":"https:\/\/jornalvaleevangelico.com.br\/index.php\/wp-json\/wp\/v2\/users\/2"}],"replies":[{"embeddable":true,"href":"https:\/\/jornalvaleevangelico.com.br\/index.php\/wp-json\/wp\/v2\/comments?post=7313"}],"version-history":[{"count":1,"href":"https:\/\/jornalvaleevangelico.com.br\/index.php\/wp-json\/wp\/v2\/posts\/7313\/revisions"}],"predecessor-version":[{"id":7315,"href":"https:\/\/jornalvaleevangelico.com.br\/index.php\/wp-json\/wp\/v2\/posts\/7313\/revisions\/7315"}],"wp:featuredmedia":[{"embeddable":true,"href":"https:\/\/jornalvaleevangelico.com.br\/index.php\/wp-json\/wp\/v2\/media\/7317"}],"wp:attachment":[{"href":"https:\/\/jornalvaleevangelico.com.br\/index.php\/wp-json\/wp\/v2\/media?parent=7313"}],"wp:term":[{"taxonomy":"category","embeddable":true,"href":"https:\/\/jornalvaleevangelico.com.br\/index.php\/wp-json\/wp\/v2\/categories?post=7313"},{"taxonomy":"post_tag","embeddable":true,"href":"https:\/\/jornalvaleevangelico.com.br\/index.php\/wp-json\/wp\/v2\/tags?post=7313"}],"curies":[{"name":"wp","href":"https:\/\/api.w.org\/{rel}","templated":true}]}}