{"id":8994,"date":"2021-11-18T07:55:47","date_gmt":"2021-11-18T10:55:47","guid":{"rendered":"https:\/\/jornalvaleevangelico.com.br\/?p=8994"},"modified":"2021-11-18T07:55:48","modified_gmt":"2021-11-18T10:55:48","slug":"oms-acende-sinal-de-alerta-mortalidade-por-covid-19-sobe-na-europa","status":"publish","type":"post","link":"https:\/\/jornalvaleevangelico.com.br\/index.php\/2021\/11\/18\/oms-acende-sinal-de-alerta-mortalidade-por-covid-19-sobe-na-europa\/","title":{"rendered":"OMS acende sinal de alerta: mortalidade por covid-19 sobe na Europa"},"content":{"rendered":"\n<h2 class=\"wp-block-heading\">Relat\u00f3rio foi divulgado pela organiza\u00e7\u00e3o<\/h2>\n\n\n\n<p>Rlat\u00f3rio divulgado pela\u00a0Organiza\u00e7\u00e3o Mundial da Sa\u00fade (OMS) estima\u00a0em 5%\u00a0o aumento das mortes associadas \u00e0 covid-19 na Europa, durante a \u00faltima semana. Na Am\u00e9rica, os \u00f3bitos causados pelo novo coronav\u00edrus ca\u00edram 3%.<img decoding=\"async\" src=\"https:\/\/agenciabrasil.ebc.com.br\/ebc.png?id=1428003&amp;o=node\"><img decoding=\"async\" src=\"https:\/\/agenciabrasil.ebc.com.br\/ebc.gif?id=1428003&amp;o=node\"><\/p>\n\n\n\n<p>No Pac\u00edfico Ocidental, regi\u00e3o que inclui a China, as mortes associadas \u00e0 doen\u00e7a&nbsp;ca\u00edram&nbsp;em 5%, ao passo que no Mediterr\u00e2neo Oriental&nbsp;a queda foi de&nbsp;14%.&nbsp;<\/p>\n\n\n\n<p>J\u00e1 no sul e no leste da \u00c1sia, incluindo a \u00cdndia, os casos mortais de covid-19 aumentaram em 1%. A \u00c1frica viu os casos subirem 3%.<\/p>\n\n\n\n<p>Os c\u00e1lculos da OMS resultam das notifica\u00e7\u00f5es que recebe dos diferentes pa\u00edses.<\/p>\n\n\n\n<p>Em n\u00edvel mundial, na \u00faltima semana houve 50 mil \u00f3bitos adicionais, n\u00famero que estabilizou. Quanto \u00e0s infec\u00e7\u00f5es, elas&nbsp;cresceram 8%&nbsp;na Europa e na Am\u00e9rica e ca\u00edram 33% na \u00c1frica.&nbsp;<\/p>\n\n\n\n<p>No Velho Continente, a incid\u00eancia de casos por 100 mil habitantes (230) foi maior do que em qualquer outra regi\u00e3o. A Am\u00e9rica teve&nbsp;incid\u00eancia de 74 infec\u00e7\u00f5es por 100 mil habitantes.<\/p>\n\n\n\n<p>No per\u00edodo analisado pela&nbsp;OMS, Estados Unidos, R\u00fassia, Alemanha, Reino Unido e Turquia apresentaram os maiores n\u00fameros de casos de infec\u00e7\u00e3o pelo novo coronav\u00edrus.<\/p>\n\n\n\n<p>A covid-19, doen\u00e7a causada pelo SARS-CoV-2, identificado h\u00e1 quase dois anos em Wuhan, no centro da China, fez j\u00e1 mais de 5,1 milh\u00f5es de mortos.<\/p>\n\n\n\n<p>O n\u00famero de infec\u00e7\u00f5es em todo o planeta subiu, em 23 meses, a 252 milh\u00f5es.<\/p>\n\n\n\n<h6 class=\"wp-block-heading\"><em>*Com informa\u00e7\u00f5es da RTP &#8211; R\u00e1dio e Televis\u00e3o de Portugal<\/em>-Publicado em 17\/11\/2021 &#8211; 11:33 Por Ag\u00eancia Brasil* &#8211; Bras\u00edlia<\/h6>\n<div class=\"jorna-rodape jorna-entity-placement\" id=\"jorna-872456358\"><div id=\"jorna-5452370\"><a href=\"https:\/\/gkscontabilidade.com\/\" aria-label=\"GKS Contabilidade\"><img src=\"https:\/\/jornalvaleevangelico.com.br\/wp-content\/uploads\/2023\/05\/GKS-Contabilidade.jpeg\" alt=\"\"  srcset=\"https:\/\/jornalvaleevangelico.com.br\/wp-content\/uploads\/2023\/05\/GKS-Contabilidade.jpeg 1600w, https:\/\/jornalvaleevangelico.com.br\/wp-content\/uploads\/2023\/05\/GKS-Contabilidade-300x65.jpeg 300w, https:\/\/jornalvaleevangelico.com.br\/wp-content\/uploads\/2023\/05\/GKS-Contabilidade-1024x223.jpeg 1024w, https:\/\/jornalvaleevangelico.com.br\/wp-content\/uploads\/2023\/05\/GKS-Contabilidade-768x168.jpeg 768w, https:\/\/jornalvaleevangelico.com.br\/wp-content\/uploads\/2023\/05\/GKS-Contabilidade-1536x335.jpeg 1536w\" sizes=\"(max-width: 1600px) 100vw, 1600px\" width=\"1600\" height=\"349\"   \/><\/a><\/div><\/div>","protected":false},"excerpt":{"rendered":"<p>Relat\u00f3rio foi divulgado pela organiza\u00e7\u00e3o Rlat\u00f3rio divulgado pela\u00a0Organiza\u00e7\u00e3o Mundial da Sa\u00fade (OMS) estima\u00a0em 5%\u00a0o aumento&#8230;<\/p>\n","protected":false},"author":2,"featured_media":8995,"comment_status":"open","ping_status":"open","sticky":false,"template":"","format":"standard","meta":{"_mi_skip_tracking":false,"_monsterinsights_sitenote_active":false,"_monsterinsights_sitenote_note":"","_monsterinsights_sitenote_category":0,"footnotes":""},"categories":[8,10],"tags":[],"class_list":["post-8994","post","type-post","status-publish","format-standard","has-post-thumbnail","hentry","category-internacional","category-saude"],"_links":{"self":[{"href":"https:\/\/jornalvaleevangelico.com.br\/index.php\/wp-json\/wp\/v2\/posts\/8994","targetHints":{"allow":["GET"]}}],"collection":[{"href":"https:\/\/jornalvaleevangelico.com.br\/index.php\/wp-json\/wp\/v2\/posts"}],"about":[{"href":"https:\/\/jornalvaleevangelico.com.br\/index.php\/wp-json\/wp\/v2\/types\/post"}],"author":[{"embeddable":true,"href":"https:\/\/jornalvaleevangelico.com.br\/index.php\/wp-json\/wp\/v2\/users\/2"}],"replies":[{"embeddable":true,"href":"https:\/\/jornalvaleevangelico.com.br\/index.php\/wp-json\/wp\/v2\/comments?post=8994"}],"version-history":[{"count":1,"href":"https:\/\/jornalvaleevangelico.com.br\/index.php\/wp-json\/wp\/v2\/posts\/8994\/revisions"}],"predecessor-version":[{"id":8996,"href":"https:\/\/jornalvaleevangelico.com.br\/index.php\/wp-json\/wp\/v2\/posts\/8994\/revisions\/8996"}],"wp:featuredmedia":[{"embeddable":true,"href":"https:\/\/jornalvaleevangelico.com.br\/index.php\/wp-json\/wp\/v2\/media\/8995"}],"wp:attachment":[{"href":"https:\/\/jornalvaleevangelico.com.br\/index.php\/wp-json\/wp\/v2\/media?parent=8994"}],"wp:term":[{"taxonomy":"category","embeddable":true,"href":"https:\/\/jornalvaleevangelico.com.br\/index.php\/wp-json\/wp\/v2\/categories?post=8994"},{"taxonomy":"post_tag","embeddable":true,"href":"https:\/\/jornalvaleevangelico.com.br\/index.php\/wp-json\/wp\/v2\/tags?post=8994"}],"curies":[{"name":"wp","href":"https:\/\/api.w.org\/{rel}","templated":true}]}}